{"id":31685,"date":"2021-04-26T07:37:20","date_gmt":"2021-04-26T07:37:20","guid":{"rendered":"https:\/\/www.48hopenhousebarcelona.org\/?p=31685"},"modified":"2022-03-23T12:13:15","modified_gmt":"2022-03-23T12:13:15","slug":"la-setmana-de-larquitectura","status":"publish","type":"post","link":"https:\/\/www.48hopenhousebarcelona.org\/ca\/la-setmana-de-larquitectura\/","title":{"rendered":"La Setmana de l&#8217;Arquitectura"},"content":{"rendered":"<h2><b>SETMANA D\u2019ARQUITECTURA<\/b><\/h2>\n<p><span style=\"font-weight: 400;\">Durant deu dies (del 6 al 16 de maig), <a href=\"https:\/\/www.barcelona.cat\/setmanadarquitectura\/\">la Setmana d\u2019Arquitectura<\/a> oferir\u00e0 un ampli ventall d\u2019activitats\u00a0relacionades amb el m\u00f3n de l\u2019arquitectura i la ciutat. M\u00e9s enll\u00e0 de les fronteres f\u00edsiques, disciplin\u00e0ries i territorials, l\u2019esdeveniment torna amb la vocaci\u00f3 d\u2019estimular la reflexi\u00f3 sobre l\u2019entorn constru\u00eft de les ciutats i el seu valor a trav\u00e9s de la difusi\u00f3 de l\u2019activitat arquitect\u00f2nica, el coneixement, l\u2019experi\u00e8ncia i el debat.\u00a0<\/span><\/p>\n<p><span style=\"font-weight: 400;\">L\u2019associaci\u00f3 48h Open House Barcelona hi participa amb el projecte ARTS X ARQUITECTURA. Un projecte que explica l\u2019arquitectura mitjan\u00e7ant altres arts, com per exemple la m\u00fasica, la fotograf\u00eda, el v\u00eddeo, la dansa; arts molt properes i apreciades per la societat. El projecte fomenta l\u2019obra coral, la creaci\u00f3 art\u00edstica d\u2019artistes locals i la col\u00b7laboraci\u00f3 entre entitats.<br \/>\nEnguany el projecte es bifurca en dos arts principals, la fotografia i l\u2019art sonor: FOTOGRAFIA x ARQUITECTURA i M\u00daSICA x ARQUITECTURA.<\/span><\/p>\n<h3><\/h3>\n<p><b>FOTOGRAFIA x ARQUITECTURA<br \/>\n<span style=\"font-weight: 400;\">En aquesta edici\u00f3 ser\u00e0 la fotografia,<\/span><span style=\"font-weight: 400;\">\u00a0<\/span><\/b><b><span style=\"font-weight: 400;\">el vehicle art\u00edstic que explicar\u00e0<\/span>\u00a0<span style=\"font-weight: 400;\">un moment concret de l\u2019espai-temps d&#8217;Espais Ocults <\/span><\/b><b><span style=\"font-weight: 400;\">de la ciutat. La tem\u00e0tica <a href=\"http:\/\/espaisocults.openhousebarcelona.org\/2021\/\">Espais Ocults<\/a><\/span><\/b><span style=\"font-weight: 400;\"> mostra la transformaci\u00f3 de la ciutat a trav\u00e9s de visites a edificis en construcci\u00f3. Aquests edificis s\u2019expliquen a trav\u00e9s de visites guiades a c\u00e0rrec dels arquitectes autors dels projectes i d\u2019una interpretaci\u00f3 art\u00edstica del fot\u00f2graf Antonio Navarro Wijkmark. Cada espai no habitat (edifici en construcci\u00f3) es mostra com una obra d\u2019autor inacabada (l\u2019obra de l\u2019arquitecte) contraposada a l\u2019obra acabada d\u2019un altre autor (el fot\u00f2graf).<\/span><\/p>\n<p><span style=\"font-weight: 400;\">Es programaran visites comentades als espais durant la setmana de l\u2019arquitectura. Cada experi\u00e8ncia arquitect\u00f2nica constar\u00e0 de dues parts, l\u2019explicaci\u00f3 de la representaci\u00f3 (la fotografia) i l\u2019explicaci\u00f3 de l\u2019arquitectura (l\u2019espai o edifici). A partir del di\u00e0leg amb els participants i comparant-la amb un altre art visual com \u00e9s la fotografia, podran veure com era l\u2019espai fa un mes, com \u00e9s en el moment de la visita i com ser\u00e0 en el futur; s\u2019abordaran temes clau de l&#8217;arquitectura, com el disseny d\u2019autor i la perman\u00e8ncia en el temps, i resoldran els possibles dubtes o preguntes que hi puguin sorgir per part del p\u00fablic.<\/span><\/p>\n<p><span style=\"font-weight: 400;\">Les fotografies d\u2019Espais Ocults, seran realitzades pel fot\u00f2graf Antonio Navarro Wijkmark, es difondran impreses 40&#215;40 cm a l\u2019espai ocult que es visita, i de forma coral tota la s\u00e8rie dins l\u2019exposici\u00f3 \u2018La teva experi\u00e8ncia i la meva, la teva exposici\u00f3 i la meva\u2019 al Col\u00b7legi d\u2019Arquitectes, de Juliol a Setembre del 2021.<\/span><\/p>\n<p><span style=\"font-weight: 400;\">Les fotografies de Jorge Ribalta, s\u00f3n un testimoni del pas del temps en un espai tan conegut de la ciutat com la Pla\u00e7a de la Gardunya, fotografies fetes durant 10 anys d\u2019un espai en construcci\u00f3 \u2018de renovaci\u00f3 urbana\u2019.<\/span><\/p>\n<p>&nbsp;<\/p>\n<h4><img loading=\"lazy\" decoding=\"async\" class=\"alignnone size-medium wp-image-31667\" src=\"https:\/\/www.48hopenhousebarcelona.org\/wp-content\/uploads\/2021\/04\/01-BANNER-GENERAL-300x170.jpg\" alt=\"\" width=\"300\" height=\"170\" srcset=\"https:\/\/www.48hopenhousebarcelona.org\/wp-content\/uploads\/2021\/04\/01-BANNER-GENERAL-300x170.jpg 300w, https:\/\/www.48hopenhousebarcelona.org\/wp-content\/uploads\/2021\/04\/01-BANNER-GENERAL-400x227.jpg 400w, https:\/\/www.48hopenhousebarcelona.org\/wp-content\/uploads\/2021\/04\/01-BANNER-GENERAL-380x215.jpg 380w, https:\/\/www.48hopenhousebarcelona.org\/wp-content\/uploads\/2021\/04\/01-BANNER-GENERAL.jpg 600w\" sizes=\"auto, (max-width: 300px) 100vw, 300px\" \/><\/h4>\n<p><span style=\"font-weight: 400;\"><br \/>\nPer participar en l\u2019activitat, \u00e9s imprescindible inscriure-s\u2019hi pr\u00e8viament. (places exhaurides)<\/span><\/p>\n<a class=\"md-btn button shortcode_button uk-light\" href=\"https:\/\/www.48hopenhousebarcelona.org\/ca\/espais-ocults\">M\u00e9s info<\/a>\n<p><b>VISITA GUIADA A LA INSTAL\u00b7LACI\u00d3 &#8216;<\/b><b>\u00c0NGELS NOUS. ESCENES DE LA REFORMA DE LA PLA\u00c7A DE LA GARDUNYA, BARCELONA (2005-2018)&#8217;<\/b><br \/>\n<span style=\"font-weight: 400;\">Dijous 13 de maig, a les 17 h<\/span><\/p>\n<p><span style=\"font-weight: 400;\">Visita guiada a la instal\u00b7laci\u00f3 <\/span><i><span style=\"font-weight: 400;\"><strong>\u00c0NGELS NOUS. Escenes de la reforma de la pla\u00e7a de la Gardunya, Barcelona (2005-2018<\/strong>)<\/span><\/i><span style=\"font-weight: 400;\">, un recorregut hist\u00f2ric i fotogr\u00e0fic de la pla\u00e7a per part del\u00a0 fot\u00f2graf i investigador Jorge Ribalta.<\/span><\/p>\n<p><span style=\"font-weight: 400;\">Visita a c\u00e0rrec de Jorge Ribalta.<\/span><\/p>\n<p><span style=\"font-weight: 400;\">Instal\u00b7laci\u00f3 produ\u00efda per La Virreina Centre de la Imatge i el Departament de Patrimoni\u00a0Arquitect\u00f2nic Hist\u00f2ric i Art\u00edstic, \u00e0rea d\u2019Ecologia Urbana, de l\u2019Ajuntament de Barcelona.<\/span><\/p>\n<a class=\"md-btn button shortcode_button uk-light\" href=\"https:\/\/www.eventbrite.es\/e\/151497672617\">Inscriu-te<\/a>\n<h3><b><br \/>\nM\u00daSICA X ARQUITECTURA<\/b><\/h3>\n<p><img loading=\"lazy\" decoding=\"async\" class=\"alignnone size-medium wp-image-31688\" src=\"https:\/\/www.48hopenhousebarcelona.org\/wp-content\/uploads\/2021\/04\/Untitled-design-12-1-300x200.jpg\" alt=\"\" width=\"300\" height=\"200\" srcset=\"https:\/\/www.48hopenhousebarcelona.org\/wp-content\/uploads\/2021\/04\/Untitled-design-12-1-300x200.jpg 300w, https:\/\/www.48hopenhousebarcelona.org\/wp-content\/uploads\/2021\/04\/Untitled-design-12-1-400x267.jpg 400w, https:\/\/www.48hopenhousebarcelona.org\/wp-content\/uploads\/2021\/04\/Untitled-design-12-1-1024x683.jpg 1024w, https:\/\/www.48hopenhousebarcelona.org\/wp-content\/uploads\/2021\/04\/Untitled-design-12-1-768x512.jpg 768w, https:\/\/www.48hopenhousebarcelona.org\/wp-content\/uploads\/2021\/04\/Untitled-design-12-1-1536x1024.jpg 1536w, https:\/\/www.48hopenhousebarcelona.org\/wp-content\/uploads\/2021\/04\/Untitled-design-12-1-1320x880.jpg 1320w, https:\/\/www.48hopenhousebarcelona.org\/wp-content\/uploads\/2021\/04\/Untitled-design-12-1.jpg 1800w\" sizes=\"auto, (max-width: 300px) 100vw, 300px\" \/><\/p>\n<p><span style=\"font-weight: 400;\"><strong>M\u00daSICA PER A L\u2019ARQUITECTURA<\/strong>\u00a0ofereix propostes que relacionen\u00a0experi\u00e8ncies arquitect\u00f2niques amb activitats creatives al voltant de la m\u00fasica, expressions art\u00edstiques sonores\u00a0pensades per explicar l\u2019arquitectura des de la immersi\u00f3 creativa i per influir en l\u2019experi\u00e8ncia arquitect\u00f2nica del p\u00fablic.<\/span><\/p>\n<p><span style=\"font-weight: 400;\">M\u00daSICA PER A L\u2019ARQUITECTURA 2021 es dur\u00e0 a terme el divendres 14 de maig, de 17.30 a 20.30 h, al Museu del Disseny de Barcelona (DHUB): explorarem el museu amb una passejada musical i arquitect\u00f2nica; aprendrem a convertir una\u00a0habitaci\u00f3 en un <\/span><i><span style=\"font-weight: 400;\">home studio<\/span><\/i><span style=\"font-weight: 400;\">; escoltarem\u00a0N\u00faria Moliner\u00a0relacionant m\u00fasica i arquitectura, i gaudirem d\u2019un\u00a0espectacle audiovisual\u00a0sobre l\u2019evoluci\u00f3 de les ciutats que pren com a inspiraci\u00f3 l\u2019edifici DHUB i el barri on s\u2019allotja.<\/span><\/p>\n<a class=\"md-btn button shortcode_button uk-light\" href=\"https:\/\/www.48hopenhousebarcelona.org\/musica-x-arquitectura-21\/\">M\u00e9s info<\/a>\n<p>Amb el suport de:<\/p>\n<p><img loading=\"lazy\" decoding=\"async\" class=\"alignnone wp-image-395\" src=\"https:\/\/www.48hopenhousebarcelona.org\/wp-content\/uploads\/2019\/09\/logo_aj_barcelona.png\" alt=\"\" width=\"194\" height=\"72\" \/><img loading=\"lazy\" decoding=\"async\" class=\"alignnone wp-image-31706\" src=\"https:\/\/www.48hopenhousebarcelona.org\/wp-content\/uploads\/2021\/04\/logo_hortizontal_setmana-300x83.png\" alt=\"\" width=\"185\" height=\"51\" srcset=\"https:\/\/www.48hopenhousebarcelona.org\/wp-content\/uploads\/2021\/04\/logo_hortizontal_setmana-300x83.png 300w, https:\/\/www.48hopenhousebarcelona.org\/wp-content\/uploads\/2021\/04\/logo_hortizontal_setmana-400x110.png 400w, https:\/\/www.48hopenhousebarcelona.org\/wp-content\/uploads\/2021\/04\/logo_hortizontal_setmana-1024x282.png 1024w, https:\/\/www.48hopenhousebarcelona.org\/wp-content\/uploads\/2021\/04\/logo_hortizontal_setmana-768x212.png 768w, https:\/\/www.48hopenhousebarcelona.org\/wp-content\/uploads\/2021\/04\/logo_hortizontal_setmana-1536x423.png 1536w, https:\/\/www.48hopenhousebarcelona.org\/wp-content\/uploads\/2021\/04\/logo_hortizontal_setmana-1320x364.png 1320w, https:\/\/www.48hopenhousebarcelona.org\/wp-content\/uploads\/2021\/04\/logo_hortizontal_setmana.png 2048w\" sizes=\"auto, (max-width: 185px) 100vw, 185px\" \/><\/p>\n","protected":false},"excerpt":{"rendered":"<p>Espais Ocults i M\u00fasica x Arquitectura<\/p>\n","protected":false},"author":5,"featured_media":31891,"comment_status":"closed","ping_status":"closed","sticky":false,"template":"","format":"standard","meta":{"_acf_changed":false,"footnotes":""},"categories":[210,670,864],"tags":[],"class_list":["post-31685","post","type-post","status-publish","format-standard","has-post-thumbnail","hentry","category-espais-ocults","category-musica-x-arquitectura","category-setmana-de-larquitectura"],"acf":[],"_links":{"self":[{"href":"https:\/\/www.48hopenhousebarcelona.org\/ca\/wp-json\/wp\/v2\/posts\/31685","targetHints":{"allow":["GET"]}}],"collection":[{"href":"https:\/\/www.48hopenhousebarcelona.org\/ca\/wp-json\/wp\/v2\/posts"}],"about":[{"href":"https:\/\/www.48hopenhousebarcelona.org\/ca\/wp-json\/wp\/v2\/types\/post"}],"author":[{"embeddable":true,"href":"https:\/\/www.48hopenhousebarcelona.org\/ca\/wp-json\/wp\/v2\/users\/5"}],"replies":[{"embeddable":true,"href":"https:\/\/www.48hopenhousebarcelona.org\/ca\/wp-json\/wp\/v2\/comments?post=31685"}],"version-history":[{"count":19,"href":"https:\/\/www.48hopenhousebarcelona.org\/ca\/wp-json\/wp\/v2\/posts\/31685\/revisions"}],"predecessor-version":[{"id":36401,"href":"https:\/\/www.48hopenhousebarcelona.org\/ca\/wp-json\/wp\/v2\/posts\/31685\/revisions\/36401"}],"wp:featuredmedia":[{"embeddable":true,"href":"https:\/\/www.48hopenhousebarcelona.org\/ca\/wp-json\/wp\/v2\/media\/31891"}],"wp:attachment":[{"href":"https:\/\/www.48hopenhousebarcelona.org\/ca\/wp-json\/wp\/v2\/media?parent=31685"}],"wp:term":[{"taxonomy":"category","embeddable":true,"href":"https:\/\/www.48hopenhousebarcelona.org\/ca\/wp-json\/wp\/v2\/categories?post=31685"},{"taxonomy":"post_tag","embeddable":true,"href":"https:\/\/www.48hopenhousebarcelona.org\/ca\/wp-json\/wp\/v2\/tags?post=31685"}],"curies":[{"name":"wp","href":"https:\/\/api.w.org\/{rel}","templated":true}]}}