{"id":33401,"date":"2021-07-03T09:33:52","date_gmt":"2021-07-03T09:33:52","guid":{"rendered":"https:\/\/www.48hopenhousebarcelona.org\/?p=33401"},"modified":"2022-03-23T11:58:16","modified_gmt":"2022-03-23T11:58:16","slug":"visites-per-a-la-xv-bienal-espanyola-darquitectura-i-urbanisme","status":"publish","type":"post","link":"https:\/\/www.48hopenhousebarcelona.org\/ca\/visites-per-a-la-xv-bienal-espanyola-darquitectura-i-urbanisme\/","title":{"rendered":"Visites per la XV Bienal Espanyola d&#8217;Arquitectura i Urbanisme"},"content":{"rendered":"<p><span style=\"font-weight: 400;\">L\u2019Associaci\u00f3 cultural <strong>48h Open House Barcelona<\/strong> participa a la <strong>XV edici\u00f3 de la BEAU<\/strong> que desenvolupa la tem\u00e0tica \u201c<strong>Espa\u00f1a vac\u00eda, Espa\u00f1a llena, estrategias de conciliaci\u00f3n<\/strong>\u201d. S\u2019organitzen visites arquitect\u00f2niques per explicar com l\u2019arquitectura de la ciutat s\u2019adapta a les circumst\u00e0ncies actuals de la societat.<\/span><\/p>\n<p><span style=\"font-weight: 400;\">Es visitaran <strong>dos models d\u2019habitatge<\/strong> promoguts per l\u2019Ajuntament de Barcelona per garantir l\u2019habitatge digne a la poblaci\u00f3 (habitatges dotacionals per a persones vulnerables, i habitatges cooperatius com a model que amplia l\u2019oferta en el mercat actual). Tamb\u00e9 es visitar\u00e0 el <strong>Districte Administratiu de la Generalitat a la Zona Franca<\/strong>, un exemple de dinamitzaci\u00f3 i consolidaci\u00f3 d\u2019un entorn en desenvolupament de la ciutat.<\/span><\/p>\n<p>Totes les visites s\u00f3n amb<strong> inscripci\u00f3 pr\u00e8via que s&#8217;obriran el diumenge 5 de setembre a les 11 h<\/strong>.<\/p>\n<p><img loading=\"lazy\" decoding=\"async\" class=\"alignnone wp-image-33449\" src=\"https:\/\/www.48hopenhousebarcelona.org\/wp-content\/uploads\/2021\/09\/HABITATGES-COOPERATIUS-LA-XARXAIRE-en-obres-Dimarts-14-de-setembre-visites-a-les-17-i-18-h-300x300.jpg\" alt=\"\" width=\"333\" height=\"333\" \/><\/p>\n<p><b>HABITATGES COOPERATIUS LA XARXAIRE (en obres)<\/b><\/p>\n<p><b>Dimarts 14 de setembre (visites a les 17 i 18 h)<\/b><\/p>\n<p><span style=\"font-weight: 400;\">Inscripci\u00f3 pr\u00e8via obligat\u00f2ria a trav\u00e9s de la web del <\/span><span style=\"font-weight: 400;\">48h Open House BCN<\/span><\/p>\n<p><span style=\"font-weight: 400;\">Edifici saludable, agradable i ambientalment sostenible ubicat al districte de Ciutat Vella. El projecte s\u2019integra a l\u2019entorn hist\u00f2ric a trav\u00e9s de la planta baixa (on, per potenciar la vida al carrer, se situa un local comunitari que connecta l\u2019\u00e0mbit p\u00fablic i privat) i de la fa\u00e7ana (que replica les fa\u00e7anes de l\u2019entorn amb obertures verticals que es protegeixen del sol amb persiana enrotllable de cordill tradicional). Per millorar les condicions t\u00e8rmiques interiors, el projecte tamb\u00e9 preveu ventilaci\u00f3 creuada als habitatges, i dissenya una coberta vegetal a l\u2019edifici. L\u2019edifici es construeix amb fusta (material renovable que disminueix el pes de la construcci\u00f3, la despesa energ\u00e8tica i les emissions de CO<\/span><span style=\"font-weight: 400;\">2<\/span><span style=\"font-weight: 400;\"> respecte a la construcci\u00f3 convencional), i preveu el reaprofitament de les aig\u00fces grises per a usos de reg i WC.<\/span><\/p>\n<p><span style=\"font-weight: 400;\">Visites a c\u00e0rrec dels arquitectes del projecte,<strong> La Mar Arquitectes<\/strong>.<\/span><\/p>\n<p><em>Inscripcions exhaurides<\/em><\/p>\n<p><b>DISTRICTE ADMINISTRATIU DE LA GENERALITAT DE CATALUNYA<\/b><\/p>\n<p><b>Dimecres 15 de setembre (visites a les 16 i 17 h)<\/b><\/p>\n<p><span style=\"font-weight: 400;\">Inscripci\u00f3 pr\u00e8via obligat\u00f2ria a trav\u00e9s de la web del <\/span><span style=\"font-weight: 400;\">48h Open House BCN<\/span><\/p>\n<p><span style=\"font-weight: 400;\">Edifici que centralitza els serveis administratius de la Generalitat de Catalunya que estaven dispersos en diferents immobles de la ciutat. D\u2019una banda, la ubicaci\u00f3 al barri de la Marina del Port de Barcelona, la Zona Franca, dinamitza un barri que es troba en plena transformaci\u00f3 i que ext\u00e9n els l\u00edmits de la ciutat cap al riu Llobregat. D\u2019altra banda, l\u2019edifici forma part d\u2019una estrat\u00e8gia d\u2019optimitzaci\u00f3 del patrimoni immobiliari de la Generalitat que, d\u2019aquesta manera, millora en termes d\u2019estalvi, efici\u00e8ncia i sostenibilitat. El complex aporta innovacions en la metodologia de treball, l\u2019organitzaci\u00f3 de personal i l\u2019efici\u00e8ncia dels espais, al mateix temps que aconsegueix la m\u00e0xima valoraci\u00f3 en la certificaci\u00f3 energ\u00e8tica LEED PLATINUM.<\/span><\/p>\n<p><span style=\"font-weight: 400;\">Visites a c\u00e0rrec dels arquitectes del projecte, <strong>Batlle i Roig Arquitectes<\/strong>, i de la ger\u00e8ncia de Serveis Comuns del departament d\u2019Economia i Hisenda de la Generalitat de Catalunya.<\/span><\/p>\n<p><em>Inscripcions exhaurides<\/em><\/p>\n<p><b>HABITATGES AMB SERVEIS PER A GENT GRAN ALI BEI<\/b><\/p>\n<p><b>Dijous 16 de setembre (visites a les 17 i 18 h)<\/b><\/p>\n<p><span style=\"font-weight: 400;\">Inscripci\u00f3 pr\u00e8via obligat\u00f2ria a trav\u00e9s de la web del <\/span><span style=\"font-weight: 400;\">48h Open House BCN<\/span><\/p>\n<p><span style=\"font-weight: 400;\">Edifici format per 2 blocs separats per un pati interior que cont\u00e9 49 habitatges amb serveis per a gent gran (dotats del suport necessari per als seus habitants); 10 habitatges d\u2019allotjament provisional per a persones derivades de Serveis Socials; i un equipament en planta baixa (sala polivalent, bugaderia, hort i terrasses). L\u2019edifici redueix la demanda energ\u00e8tica a trav\u00e9s del disseny d\u2019un pati central amb vegetaci\u00f3 i de l\u2019\u00fas de proteccions solars regulables. A m\u00e9s a m\u00e9s, els habitatges es pensen amb opci\u00f3 de ventilaci\u00f3 creuada i amb una distribuci\u00f3 de les estances que potencia les visions obliq\u00fces per donar major sensaci\u00f3 d\u2019amplitud espaial.<\/span><\/p>\n<p><span style=\"font-weight: 400;\">Visites a c\u00e0rrec dels arquitectes del projecte, <strong>Vivas Arquitectos i Pau Vidal<\/strong>, amb la participaci\u00f3 dels ve\u00efns dels habitatges.<\/span><\/p>\n<p><em>Inscripcions exhaurides<\/em><\/p>\n<p><img loading=\"lazy\" decoding=\"async\" class=\"alignnone size-medium wp-image-33420\" src=\"https:\/\/www.48hopenhousebarcelona.org\/wp-content\/uploads\/2021\/08\/BEAU-LOGO-300x150.jpg\" alt=\"\" width=\"300\" height=\"150\" srcset=\"https:\/\/www.48hopenhousebarcelona.org\/wp-content\/uploads\/2021\/08\/BEAU-LOGO-300x150.jpg 300w, https:\/\/www.48hopenhousebarcelona.org\/wp-content\/uploads\/2021\/08\/BEAU-LOGO-400x200.jpg 400w, https:\/\/www.48hopenhousebarcelona.org\/wp-content\/uploads\/2021\/08\/BEAU-LOGO-1024x512.jpg 1024w, https:\/\/www.48hopenhousebarcelona.org\/wp-content\/uploads\/2021\/08\/BEAU-LOGO-768x384.jpg 768w, https:\/\/www.48hopenhousebarcelona.org\/wp-content\/uploads\/2021\/08\/BEAU-LOGO.jpg 1200w\" sizes=\"auto, (max-width: 300px) 100vw, 300px\" \/><\/p>\n","protected":false},"excerpt":{"rendered":"<p>Per explicar com l\u2019arquitectura de la ciutat s\u2019adapta a les circumst\u00e0ncies actuals de la societat<\/p>\n","protected":false},"author":5,"featured_media":33452,"comment_status":"closed","ping_status":"closed","sticky":false,"template":"","format":"standard","meta":{"_acf_changed":false,"footnotes":""},"categories":[329],"tags":[],"class_list":["post-33401","post","type-post","status-publish","format-standard","has-post-thumbnail","hentry","category-noticies"],"acf":[],"_links":{"self":[{"href":"https:\/\/www.48hopenhousebarcelona.org\/ca\/wp-json\/wp\/v2\/posts\/33401","targetHints":{"allow":["GET"]}}],"collection":[{"href":"https:\/\/www.48hopenhousebarcelona.org\/ca\/wp-json\/wp\/v2\/posts"}],"about":[{"href":"https:\/\/www.48hopenhousebarcelona.org\/ca\/wp-json\/wp\/v2\/types\/post"}],"author":[{"embeddable":true,"href":"https:\/\/www.48hopenhousebarcelona.org\/ca\/wp-json\/wp\/v2\/users\/5"}],"replies":[{"embeddable":true,"href":"https:\/\/www.48hopenhousebarcelona.org\/ca\/wp-json\/wp\/v2\/comments?post=33401"}],"version-history":[{"count":10,"href":"https:\/\/www.48hopenhousebarcelona.org\/ca\/wp-json\/wp\/v2\/posts\/33401\/revisions"}],"predecessor-version":[{"id":36395,"href":"https:\/\/www.48hopenhousebarcelona.org\/ca\/wp-json\/wp\/v2\/posts\/33401\/revisions\/36395"}],"wp:featuredmedia":[{"embeddable":true,"href":"https:\/\/www.48hopenhousebarcelona.org\/ca\/wp-json\/wp\/v2\/media\/33452"}],"wp:attachment":[{"href":"https:\/\/www.48hopenhousebarcelona.org\/ca\/wp-json\/wp\/v2\/media?parent=33401"}],"wp:term":[{"taxonomy":"category","embeddable":true,"href":"https:\/\/www.48hopenhousebarcelona.org\/ca\/wp-json\/wp\/v2\/categories?post=33401"},{"taxonomy":"post_tag","embeddable":true,"href":"https:\/\/www.48hopenhousebarcelona.org\/ca\/wp-json\/wp\/v2\/tags?post=33401"}],"curies":[{"name":"wp","href":"https:\/\/api.w.org\/{rel}","templated":true}]}}