{"id":3520,"date":"2018-05-03T10:15:13","date_gmt":"2018-05-03T10:15:13","guid":{"rendered":"https:\/\/www.48hopenhousebarcelona.org\/?p=3520"},"modified":"2025-06-16T09:07:25","modified_gmt":"2025-06-16T09:07:25","slug":"musica-x-arquitectura-2018","status":"publish","type":"post","link":"https:\/\/www.48hopenhousebarcelona.org\/ca\/musica-x-arquitectura-2018\/","title":{"rendered":"M\u00fasica x Arquitectura"},"content":{"rendered":"<p><iframe loading=\"lazy\" src=\"https:\/\/player.vimeo.com\/video\/273675824\" width=\"640\" height=\"360\" frameborder=\"0\" data-mce-fragment=\"1\"><span data-mce-type=\"bookmark\" style=\"display: inline-block; width: 0px; overflow: hidden; line-height: 0;\" class=\"mce_SELRES_start\">\ufeff<\/span><\/iframe><\/p>\n<p><a href=\"https:\/\/vimeo.com\/273675824\">M\u00fasica x Arquitectura 2018<\/a>\u00a0from\u00a0<a href=\"https:\/\/vimeo.com\/user8803626\">Open House Barcelona<\/a>\u00a0on\u00a0<a href=\"https:\/\/vimeo.com\/\">Vimeo<\/a>.<\/p>\n<p>El projecte, realitzat conjuntament per l\u2019associaci\u00f3 cultural 48h Open House Barcelona i l\u2019associaci\u00f3 cultural de m\u00fasica electr\u00f2nica\u00a0<a href=\"https:\/\/dedobarcelona.wordpress.com\/\" target=\"_blank\" rel=\"noopener noreferrer\">DeDO<\/a>, se centra en l\u2019exploraci\u00f3 del fet arquitect\u00f2nic per part d\u2019artistes de diferents disciplines que explicaran i treballaran la relaci\u00f3 d\u2019una obra d\u2019arquitectura (acabada i en funcionament) amb els seus usuaris i el seu entorn proper (l\u2019espai p\u00fablic, el paisatge, la ciutat, la cultura). Hi vincularem la m\u00fasica com a eina per captar la personalitat dels espais.<\/p>\n<p><em>M\u00fasica per a l&#8217;arquitectura<\/em>\u00a0vol oferir una s\u00e8rie de propostes que relacionen experi\u00e8ncies arquitect\u00f2niques amb activitats art\u00edstiques creatives al voltant de la m\u00fasica. Cada expressi\u00f3 art\u00edstica sonora est\u00e0 pensada per explicar l\u2019arquitectura des de la immersi\u00f3 creativa i per influir en l\u2019experi\u00e8ncia arquitect\u00f2nica del p\u00fablic.<\/p>\n<ul>\n<li>Lloc:\u00a0<a href=\"http:\/\/conventagusti.com\/\" target=\"_blank\" rel=\"noopener noreferrer\">Convent de Sant Agust\u00ed<\/a><\/li>\n<li>Data: 15\/05\/2018 de 17 a 22 h<\/li>\n<li>Organitzadors: 48h Open House Barcelona \/ DeDO<\/li>\n<li>Marc:\u00a0<a href=\"https:\/\/www.barcelona.cat\/setmanadarquitectura\/\" target=\"_blank\" rel=\"noopener noreferrer\">Setmana de l\u2019Arquitectura de Barcelona<\/a><\/li>\n<\/ul>\n<p>&nbsp;<\/p>\n<p><strong>PROGRAMA<\/strong><\/p>\n<p><strong>M\u00fasica (Sala Noble Convent de Sant Agust\u00ed)<\/strong><\/p>\n<p><a href=\"https:\/\/soundcloud.com\/sonsons\/sets\/liquid-drone\" target=\"_blank\" rel=\"noopener noreferrer\">Liquid Drone<\/a>. Immersi\u00f3 sonora. Concert de m\u00fasica drone. Els m\u00fasics del Col\u00b7lectiu Free\u2019t proposen una experi\u00e8ncia ac\u00fastica \u00fanica, amb una formaci\u00f3 at\u00edpica pensada i dissenyada especialment per a arquitectures i espais amb molta resson\u00e0ncia. &#8211; 20:30 h<\/p>\n<p><a href=\"https:\/\/skygaze1.bandcamp.com\/\" target=\"_blank\" rel=\"noopener noreferrer\">Skygaze<\/a>. Projecte musical de l\u2019arquitecte Jaime Tellado. El seu so camale\u00f2nic flota entre downtempo, ambient, hip-hop i future jazz, fent que el seu particular enfocament es faci palpable en una experi\u00e8ncia complexa, ricament texturada i molt seductora. &#8211; 19:30 h<\/p>\n<p><strong>Workshop (Sala Calidoscopi Convent de Sant Agust\u00ed)<\/strong><\/p>\n<p>Metodologies i procediments an\u00e0legs entre m\u00fasica i arquitectura. Ponent: Jaime Tellado (Skygaze). Des de la seva perspectiva professional d\u2019arquitecte, Jaime Tellado planteja els seus m\u00e8todes de producci\u00f3 musical i l\u2019estructura de les seves can\u00e7ons a partir de la influ\u00e8ncia de la seva formaci\u00f3 com a arquitecte. En aquest taller, exposar\u00e0 i relacionar\u00e0 de manera metaf\u00f2rica una s\u00e8rie de metodologies i procediments que aplica tant quan fa m\u00fasica com quan projecta arquitectura &#8211; 18 h<\/p>\n<p>Inscripci\u00f3 tancada<\/p>\n<p><strong>Visita arquitect\u00f2nica\u00a0<\/strong><\/p>\n<p>Explicarem l\u2019evoluci\u00f3 arquitect\u00f2nica i urban\u00edstica del Centre C\u00edvic Convent de Sant Agust\u00ed \u2013d\u2019edifici religi\u00f3s a equipament militar i a centre c\u00edvic\u2013, i els canvis morfol\u00f2gics, d\u2019\u00fas i d\u2019alineacions que aix\u00f2 suposa. S\u2019hi faran dues visites, a c\u00e0rrec d\u2019un arquitecte expert en la divulgaci\u00f3 de l\u2019arquitectura.<\/p>\n<p>Dues sessi\u00f3ns (17 h i 18:30h). Punt de trobada &#8211; Hall Convent de Sant Agust\u00ed<\/p>\n<p>Inscripci\u00f3 tancada<\/p>\n<p><strong>Instal\u00b7laci\u00f3 sonora<\/strong><\/p>\n<p>Datalash. Experiment sonor que aspira a fer parlar les parets del Convent de Sant Agust\u00ed extraient-ne la mem\u00f2ria hist\u00f2rica a trav\u00e9s de la refracci\u00f3 dels sons testimonials. Es podr\u00e0 escoltar durant tota la Setmana de l\u2019Arquitectura, al Convent de Sant Agust\u00ed.<\/p>\n","protected":false},"excerpt":{"rendered":"<p>Hi vincularem la m\u00fasica com a eina per captar la personalitat dels espais.<\/p>\n","protected":false},"author":2,"featured_media":15622,"comment_status":"closed","ping_status":"closed","sticky":false,"template":"","format":"standard","meta":{"_acf_changed":false,"footnotes":""},"categories":[670],"tags":[],"class_list":["post-3520","post","type-post","status-publish","format-standard","has-post-thumbnail","hentry","category-musica-x-arquitectura"],"acf":[],"_links":{"self":[{"href":"https:\/\/www.48hopenhousebarcelona.org\/ca\/wp-json\/wp\/v2\/posts\/3520","targetHints":{"allow":["GET"]}}],"collection":[{"href":"https:\/\/www.48hopenhousebarcelona.org\/ca\/wp-json\/wp\/v2\/posts"}],"about":[{"href":"https:\/\/www.48hopenhousebarcelona.org\/ca\/wp-json\/wp\/v2\/types\/post"}],"author":[{"embeddable":true,"href":"https:\/\/www.48hopenhousebarcelona.org\/ca\/wp-json\/wp\/v2\/users\/2"}],"replies":[{"embeddable":true,"href":"https:\/\/www.48hopenhousebarcelona.org\/ca\/wp-json\/wp\/v2\/comments?post=3520"}],"version-history":[{"count":4,"href":"https:\/\/www.48hopenhousebarcelona.org\/ca\/wp-json\/wp\/v2\/posts\/3520\/revisions"}],"predecessor-version":[{"id":54187,"href":"https:\/\/www.48hopenhousebarcelona.org\/ca\/wp-json\/wp\/v2\/posts\/3520\/revisions\/54187"}],"wp:featuredmedia":[{"embeddable":true,"href":"https:\/\/www.48hopenhousebarcelona.org\/ca\/wp-json\/wp\/v2\/media\/15622"}],"wp:attachment":[{"href":"https:\/\/www.48hopenhousebarcelona.org\/ca\/wp-json\/wp\/v2\/media?parent=3520"}],"wp:term":[{"taxonomy":"category","embeddable":true,"href":"https:\/\/www.48hopenhousebarcelona.org\/ca\/wp-json\/wp\/v2\/categories?post=3520"},{"taxonomy":"post_tag","embeddable":true,"href":"https:\/\/www.48hopenhousebarcelona.org\/ca\/wp-json\/wp\/v2\/tags?post=3520"}],"curies":[{"name":"wp","href":"https:\/\/api.w.org\/{rel}","templated":true}]}}