{"id":3643,"date":"2018-10-03T16:20:04","date_gmt":"2018-10-03T16:20:04","guid":{"rendered":"https:\/\/www.48hopenhousebarcelona.org\/?p=3643"},"modified":"2019-09-22T16:22:17","modified_gmt":"2019-09-22T16:22:17","slug":"el-mercat-dhorta-entrevista-a-mariano-serrano","status":"publish","type":"post","link":"https:\/\/www.48hopenhousebarcelona.org\/ca\/el-mercat-dhorta-entrevista-a-mariano-serrano\/","title":{"rendered":"El Mercat d&#8217;Horta &#8211; Entrevista a Mariano Serrano"},"content":{"rendered":"<p>El\u00a0<a href=\"https:\/\/www.48hopenhousebarcelona.org\/ca\/edifici\/mercat-dhorta\">Mercat d\u2019Horta<\/a>, constru\u00eft a la pla\u00e7a Eivissa el 1951 per l\u2019arquitecte Ramon T\u00e9rmens i Mauri, ha estat un punt d\u2019uni\u00f3 de tots els comer\u00e7os del barri. Avui parlem amb\u00a0<strong>Mariano Serrano<\/strong>, membre de El Pou -Grup d\u2019Estudi de la Vall d\u2019Horta i la Muntanya Pelada- , per fer-nos descobrir el primer edifici de formig\u00f3 de la ciutat.<\/p>\n<p><strong>Per qu\u00e8 voleu reivindicar la figura de l\u2019arquitecte Ramon T\u00e9rmens?<\/strong><\/p>\n<p>El que volem reivindicar \u00e9s l\u2019obra del mercat d\u2019horta que \u00e9s una obra important en l\u2019evoluci\u00f3 de l&#8217;arquitectura de Barcelona i en l\u2019\u00fas dels materials nous com va ser el formig\u00f3 en el seu moment. \u00c9s el primer mercat fet en formig\u00f3 de Barcelona i, possiblement la primera estructura de grans dimensions que agafa protagonisme a Barcelona.<\/p>\n<p>&nbsp;<\/p>\n<p><strong>Quines accions heu fet? Qu\u00e8 fareu durant el festival?<\/strong><\/p>\n<p>Hem fet una exposici\u00f3 itinerant que l\u2019hem portat a altres barris del districte com a la Biblioteca Can Mariner o el Casal de la Font d\u2019en Fargues. Cada exposici\u00f3 s\u2019ha inaugurat amb una xerrada on s\u2019ha parlat del mercat i de l\u2019arquitecte. A part d\u2019aix\u00f2, al 48h Open House mostrarem l\u2019edifici i esperem muntar l\u2019exposici\u00f3 per completar l\u2019explicaci\u00f3 del mercat.<\/p>\n<p>&nbsp;<\/p>\n<p><strong>Creieu interessant la col\u00b7laboraci\u00f3 de col\u00b7lectius de barri com el POU amb el festival 48h Open House Bcn?<\/strong><\/p>\n<p>Jo crec que s\u00ed, per\u00f2 aix\u00f2 ho haureu de dir vosaltres &#8211;\u00a0<em>comenta rient<\/em>\u00a0-. La gent dels barris s\u00f3n els que ho coneixen i ho aprecien i, els primers interessats a que es descobreixin edificis com aquest. Aquest mercat, malgrat que nosaltres pensem que mereix tot el reconeixement, ha estat amagat i ning\u00fa el coneixia pel seu valor arquitect\u00f2nic.<\/p>\n<p>&nbsp;<\/p>\n<p><strong>Qu\u00e8 destacaries del mercat d\u2019horta?<\/strong><\/p>\n<p>El m\u00e9s important \u00e9s la seva estructura. El Ramon T\u00e9rmens, que \u00e9s un arquitecte amb formaci\u00f3 noucentista, de sobte comen\u00e7a a treballar a l\u2019exposici\u00f3 de Montju\u00efc amb Puig i Cadafalch. Despr\u00e9s va ser professor d\u2019estructures a la Universitat de Barcelona i quan li encarreguen el mercat, fa una estructura de formig\u00f3 de grans dimensions, el primer de Barcelona. L\u2019edifici \u00e9s una nau de 40&#215;40 metres amb una c\u00fapula de 20 metres sobre el nivell del terra, que nom\u00e9s es sustenta amb quatre pilars. A m\u00e9s, el mercat est\u00e0 sobre una riera i van haver de fer fonaments fins a 8-10 metres de profunditat per poder suportar tot el mercat.<\/p>\n<p>&nbsp;<\/p>\n<p><strong>Teniu alguna vinculaci\u00f3 personal amb el projecte?<\/strong><\/p>\n<p>En un moment determinat ens arriba la possibilitat de l&#8217;enderrocament del mercat, aix\u00ed que abans vam voler analitzar l\u2019obra arquitect\u00f2nica, vam entrar i vam al\u00e7ar el cap al cel i ens vam adonar del que hi havia. Aix\u00ed que vam investigar i ens vam trobar amb els seus n\u00e9ts, Carme i Miquel Colomer que tenen molta documentaci\u00f3 i, a partir d\u2019aqu\u00ed comencem a reivindicar, amb el suport del grup d\u2019arquitectes del Guinard\u00f3. Un mercat que havia quedat al marge de les obres d\u2019arquitectura i de construcci\u00f3. S\u2019han escrit llibres sobre el formig\u00f3 a Barcelona per\u00f2 no apareix en cap, per tant \u00e9s una descoberta de 60 anys \u00a0per\u00f2 que el descobrirem aquest any.<\/p>\n<p>&nbsp;<\/p>\n<p><iframe loading=\"lazy\" src=\"https:\/\/www.youtube.com\/embed\/6Rfna-eDaUI\" width=\"560\" height=\"315\" frameborder=\"0\" data-mce-fragment=\"1\"><\/iframe><\/p>\n<div><\/div>\n","protected":false},"excerpt":{"rendered":"<p>El Mercat d\u2019Horta, constru\u00eft a la pla\u00e7a Eivissa el 1951 per l\u2019arquitecte Ramon T\u00e9rmens i<\/p>\n","protected":false},"author":2,"featured_media":3645,"comment_status":"closed","ping_status":"closed","sticky":false,"template":"","format":"standard","meta":{"_acf_changed":false,"footnotes":""},"categories":[45],"tags":[],"class_list":["post-3643","post","type-post","status-publish","format-standard","has-post-thumbnail","hentry","category-sense-categoria"],"acf":[],"_links":{"self":[{"href":"https:\/\/www.48hopenhousebarcelona.org\/ca\/wp-json\/wp\/v2\/posts\/3643","targetHints":{"allow":["GET"]}}],"collection":[{"href":"https:\/\/www.48hopenhousebarcelona.org\/ca\/wp-json\/wp\/v2\/posts"}],"about":[{"href":"https:\/\/www.48hopenhousebarcelona.org\/ca\/wp-json\/wp\/v2\/types\/post"}],"author":[{"embeddable":true,"href":"https:\/\/www.48hopenhousebarcelona.org\/ca\/wp-json\/wp\/v2\/users\/2"}],"replies":[{"embeddable":true,"href":"https:\/\/www.48hopenhousebarcelona.org\/ca\/wp-json\/wp\/v2\/comments?post=3643"}],"version-history":[{"count":1,"href":"https:\/\/www.48hopenhousebarcelona.org\/ca\/wp-json\/wp\/v2\/posts\/3643\/revisions"}],"predecessor-version":[{"id":3644,"href":"https:\/\/www.48hopenhousebarcelona.org\/ca\/wp-json\/wp\/v2\/posts\/3643\/revisions\/3644"}],"wp:featuredmedia":[{"embeddable":true,"href":"https:\/\/www.48hopenhousebarcelona.org\/ca\/wp-json\/wp\/v2\/media\/3645"}],"wp:attachment":[{"href":"https:\/\/www.48hopenhousebarcelona.org\/ca\/wp-json\/wp\/v2\/media?parent=3643"}],"wp:term":[{"taxonomy":"category","embeddable":true,"href":"https:\/\/www.48hopenhousebarcelona.org\/ca\/wp-json\/wp\/v2\/categories?post=3643"},{"taxonomy":"post_tag","embeddable":true,"href":"https:\/\/www.48hopenhousebarcelona.org\/ca\/wp-json\/wp\/v2\/tags?post=3643"}],"curies":[{"name":"wp","href":"https:\/\/api.w.org\/{rel}","templated":true}]}}