{"id":36627,"date":"2022-04-28T09:36:43","date_gmt":"2022-04-28T09:36:43","guid":{"rendered":"https:\/\/www.48hopenhousebarcelona.org\/?p=36627"},"modified":"2023-01-02T16:30:45","modified_gmt":"2023-01-02T16:30:45","slug":"el-maig-de-lopen-house-barcelona","status":"publish","type":"post","link":"https:\/\/www.48hopenhousebarcelona.org\/ca\/el-maig-de-lopen-house-barcelona\/","title":{"rendered":"El maig de l\u2019Open House Barcelona"},"content":{"rendered":"\r\n<p>Aquest maig, uneix-te a l\u2019Open House Barcelona en aquests 11 dies de Model. Festival d&#8217;arquitectures. Tenim tres propostes que no et pots perdre per a gaudir de l&#8217;arquitectura de maneres diferents!<\/p>\r\n\r\n\r\n\r\n<p>Comencem el 5 de maig a les 18h a la llibreria <strong>La Capell del Col\u00b7legi d\u2019Arquitectes de Catalunya<\/strong> amb el llan\u00e7ament de Radiomedia Arquitectura, una web repositori de diversos mitjanes sobre arquitectura. El dissabte 7 de maig a les 18h estarem a<strong> Casa Seat<\/strong> amb M\u00fasica per Arquitectura, un projecte que ofereix expressions art\u00edstiques sonores pensades per explicar l\u2019arquitectura des de la immersi\u00f3 creativa amb la intervenci\u00f3 de Ramon Faura i Jason Kol\u00e0r. <br \/><br \/>Del 9 al 15 de maig obrirem les portes a llocs ocults i sorprenents amb <strong>Espais Ocults.<\/strong><\/p>\r\n\r\n\r\n\r\n<p>A M\u00fasica x Arquitectura podr\u00e0s apuntar-te des a la p\u00e0gina web de Casa Seat i a Espais Ocults des de el dia 6 de maig.<\/p>\r\n\r\n\r\n\r\n<div class=\"wp-block-spacer\" style=\"height: 49px;\" aria-hidden=\"true\">\u00a0<\/div>\r\n\r\n\r\n<hr class=\"wp-block-separator\" \/>\r\n\r\n\r\n<div class=\"wp-block-columns is-layout-flex wp-container-core-columns-is-layout-9d6595d7 wp-block-columns-is-layout-flex\">\r\n<div class=\"wp-block-column is-layout-flow wp-block-column-is-layout-flow\" style=\"flex-basis: 100%;\">\r\n<div class=\"wp-block-columns is-layout-flex wp-container-core-columns-is-layout-9d6595d7 wp-block-columns-is-layout-flex\">\r\n<div class=\"wp-block-column is-layout-flow wp-block-column-is-layout-flow\">\r\n<figure class=\"wp-block-image size-full is-resized is-style-rounded\"><img loading=\"lazy\" decoding=\"async\" class=\"wp-image-36665\" src=\"https:\/\/www.48hopenhousebarcelona.org\/wp-content\/uploads\/2022\/04\/espais-ocults-625.png\" alt=\"\" width=\"320\" height=\"182\" \/><\/figure>\r\n<\/div>\r\n\r\n\r\n\r\n<div class=\"wp-block-column is-layout-flow wp-block-column-is-layout-flow\">\r\n<div class=\"wp-block-spacer\" style=\"height: 30px;\" aria-hidden=\"true\">\u00a0<\/div>\r\n\r\n\r\n\r\n<p>Del 9 al 15 de\u00a0maig\u00a0obrirem les portes a set llocs ocults i sorprenents amb Espais Ocults.<\/p>\r\n\r\n\r\n\r\n<p><strong>Primera tanda d&#8217;Inscripcions 6 de maig (esgotat) i segona el 10 de maig a les 11:00 h.(esgotat)<\/strong><\/p>\r\n\r\n\r\n<p> <a class=\"md-btn button shortcode_button uk-light\" href=\"https:\/\/www.eventbrite.es\/o\/48h-open-house-bcn-17785195955\">Inscripcions<\/a> <a class=\"md-btn button shortcode_button uk-light\" href=\"https:\/\/espaisocults.openhousebarcelona.org\/\">Web Espais Ocults<\/a> <\/p>\n<\/div>\r\n<\/div>\r\n<\/div>\r\n<\/div>\r\n\r\n\r\n<hr class=\"wp-block-separator\" \/>\r\n\r\n\r\n<div class=\"wp-block-spacer\" style=\"height: 50px;\" aria-hidden=\"true\">\u00a0<\/div>\r\n\r\n<h2 id=\"block-a932312e-f13b-407b-a2b7-ba3445868026\" class=\"block-editor-rich-text__editable block-editor-block-list__block wp-block is-selected wp-block-heading rich-text\" tabindex=\"0\" role=\"document\" contenteditable=\"true\" aria-multiline=\"true\" aria-label=\"Bloc: Cap\u00e7alera\" data-block=\"a932312e-f13b-407b-a2b7-ba3445868026\" data-type=\"core\/heading\" data-title=\"Cap\u00e7alera\">M\u00fasica x Arquitectura<\/h2>\r\n<p>M\u00fasica per Arquitectura \u00e9s un projecte que ofereix expressions art\u00edstiques sonores pensades per explicar l\u2019arquitectura des de la immersi\u00f3 creativa amb la intervenci\u00f3 de <strong>Ramon Faura<\/strong> i <strong>Jason Kol\u00e0r<\/strong>.\u00a0<\/p>\r\n<p>Data: Dissabte 7 de maig a les 18h. Casa Seat<\/p>\r\n<a class=\"md-btn button shortcode_button uk-light\" href=\"https:\/\/www.casa.seat\/ca\/agenda\/OHB-MUSICA-PER-ARQUITECTURA-2022.html\">Inscripci\u00f3 Casa Seat<\/a>\r\n<a class=\"md-btn button shortcode_button uk-light\" href=\"https:\/\/www.48hopenhousebarcelona.org\/musica-x-arquitectura-2\/\">M\u00fasica x Arquitectura<\/a>\r\n<p><strong>\u00a0<br \/><\/strong><\/p>\r\n\r\n<figure class=\"wp-block-image size-full is-style-rounded\"><img loading=\"lazy\" decoding=\"async\" width=\"350\" height=\"235\" class=\"wp-image-36641\" src=\"https:\/\/www.48hopenhousebarcelona.org\/wp-content\/uploads\/2022\/04\/Ramon_Faura_Cccb.jpg\" alt=\"\" srcset=\"https:\/\/www.48hopenhousebarcelona.org\/wp-content\/uploads\/2022\/04\/Ramon_Faura_Cccb.jpg 350w, https:\/\/www.48hopenhousebarcelona.org\/wp-content\/uploads\/2022\/04\/Ramon_Faura_Cccb-300x201.jpg 300w\" sizes=\"auto, (max-width: 350px) 100vw, 350px\" \/><\/figure>\r\n\r\n\r\n\r\n<p><strong>RAMON FAURA<\/strong><\/p>\r\n\r\n\r\n\r\n<p>M\u00fasico, escritor y doctor arquitecto. Imparte clases en la Escuela ELISAVA, donde tambi\u00e9n coordina el \u00e1rea de Sociales. Entre 2003 y 2006 fue jefe de redacci\u00f3n de la revista Quaderns d&#8217;Arquitectura i Urbanisme.<br \/>Ha comisariado exposiciones como \u00abEl Estado tur\u00edstico\u00bb (FadFest, 2017) y \u00abArquitecturas sin lugar\u00bb (Centre d&#8217;Arts Santa M\u00f2nica, 2009). Ha impartido conferencias en la New York University, la KTH de Estocolmo y la Escuela de Paisajismo de Dresde, entre otras. Ha publicado art\u00edculos en varios medios y tres monograf\u00edas: Louis XIV in Royal Costume: The Decapitation of the mystical body (URV, 2010);<br \/>La m\u00e1quina Versalles (Torcuato Di Tella, 2014); i Desplazamiento y ruina (ETSAM, 2015). Compagina su carrera acad\u00e9mica con la musical: ha publicado diez \u00e1lbumes con varias formacions<br \/>(Yak 42, Macho, Le Petit Ramon y Azucarillo Kings) y ha tenido el placer de telonear a grupos como Jon Spencer Blues Explosion, The Sonics o Sleaford Mods.<\/p>\r\n\r\n\r\n\r\n<div class=\"wp-block-spacer\" style=\"height: 30px;\" aria-hidden=\"true\">\u00a0<\/div>\r\n\r\n\r\n\r\n<figure class=\"wp-block-image size-full is-resized is-style-rounded\"><img decoding=\"async\" class=\"wp-image-36647\" src=\"https:\/\/www.48hopenhousebarcelona.org\/wp-content\/uploads\/2022\/04\/Jason-Kolar.png\" alt=\"\" width=\"350\" srcset=\"https:\/\/www.48hopenhousebarcelona.org\/wp-content\/uploads\/2022\/04\/Jason-Kolar.png 431w, https:\/\/www.48hopenhousebarcelona.org\/wp-content\/uploads\/2022\/04\/Jason-Kolar-218x300.png 218w, https:\/\/www.48hopenhousebarcelona.org\/wp-content\/uploads\/2022\/04\/Jason-Kolar-400x551.png 400w\" sizes=\"(max-width: 431px) 100vw, 431px\" \/><\/figure>\r\n\r\n\r\n\r\n<p><strong>JASON KOL\u00c0R<\/strong><\/p>\r\n\r\n\r\n\r\n<p>Durante m\u00e1s de una d\u00e9cada, Cristian Subir\u00e0 ha sido un miembro activo de la escena musical underground de Barcelona; promocionando shows, lanzando cintas, tocando en bandas (Dead Man on Campus, Coconot, Narwhal, Maresme, \u2026), escondi\u00e9ndose detr\u00e1s de diferentes monikers (Summer Recreation Camp, Nubian Deli, Venessa Milano y Tim Robertson) o dublab.es del que es cofundador.<br \/>A sus espaldas, m\u00e1s de 100 shows en vivo en Europa y Estados Unidos compartieron escenario con Lucky Dragons, Daniel Higgs, Ariel Kalma, Joanne Robertson, The Space Lady, Julianna Barwick, Maria Minerva, Zbigniew Karkowski, White Magic, Pedro Magina o MANS O, aparte de apariciones en festivales como S\u00f3nar, Primavera Club, LEM, Grec, Meakusma, Online Radio Festival Amsterdam, Milhoes de Festa o Baleapop.<br \/>Las exploraciones de sonido de Subira navegan en y alrededor de new age, ambient y drone, siempre tratando de construir un puente poroso entre ellas. Una construcci\u00f3n final donde es f\u00e1cil escuchar la enorme influencia que Brian Eno, Roedelius, Hiroshi Yoshimura, Benjamin Lew, Craig Kupka, Vini Reilly o Sean McCann tuvieron en \u00e9l.<\/p>\r\n\r\n\r\n\r\n<div class=\"wp-block-spacer\" style=\"height: 30px;\" aria-hidden=\"true\">\u00a0<\/div>\r\n\r\n\r\n\r\n<h3 class=\"wp-block-heading\"><strong>PEOPLE,ARCHITECTURE, URBAN PLANNING<\/strong><\/h3>\r\n\r\n\r\n\r\n<p>Completa la jornada de M\u00fasica x arquitectura la pe\u00e7a: People,\u00a0Architecture,\u00a0Urban\u00a0Planning\u00a0de\u00a0Calepinage, un audiovisual que presenta una reflexi\u00f3 sobre l&#8217;arquitectura, l&#8217;urbanisme i la mobilitat.<br \/>Darrere de\u00a0Calepinage\u00a0es troba <a href=\"https:\/\/javiermaculet.com\/\" target=\"_blank\" rel=\"noreferrer noopener\" data-type=\"URL\" data-id=\"https:\/\/javiermaculet.com\/\"><strong>Javier\u00a0Maculet<\/strong>.<\/a><\/p>\r\n\r\n\r\n\r\n<div class=\"wp-block-spacer\" style=\"height: 100px;\" aria-hidden=\"true\">\u00a0<\/div>\r\n\r\n\r\n<hr class=\"wp-block-separator\" \/>\r\n\r\n\r\n<div class=\"wp-block-columns is-layout-flex wp-container-core-columns-is-layout-9d6595d7 wp-block-columns-is-layout-flex\">\r\n<div class=\"wp-block-column is-layout-flow wp-block-column-is-layout-flow\" style=\"flex-basis: 100%;\">\r\n<div class=\"wp-block-columns is-layout-flex wp-container-core-columns-is-layout-9d6595d7 wp-block-columns-is-layout-flex\">\r\n<div class=\"wp-block-column is-layout-flow wp-block-column-is-layout-flow\">\r\n<figure class=\"wp-block-image size-full is-resized\"><img loading=\"lazy\" decoding=\"async\" class=\"wp-image-36616\" src=\"https:\/\/www.48hopenhousebarcelona.org\/wp-content\/uploads\/2022\/04\/Media_Radio-1.png\" alt=\"\" width=\"313\" height=\"272\" srcset=\"https:\/\/www.48hopenhousebarcelona.org\/wp-content\/uploads\/2022\/04\/Media_Radio-1.png 625w, https:\/\/www.48hopenhousebarcelona.org\/wp-content\/uploads\/2022\/04\/Media_Radio-1-300x261.png 300w, https:\/\/www.48hopenhousebarcelona.org\/wp-content\/uploads\/2022\/04\/Media_Radio-1-400x348.png 400w\" sizes=\"auto, (max-width: 313px) 100vw, 313px\" \/><\/figure>\r\n<\/div>\r\n\r\n\r\n\r\n<div class=\"wp-block-column is-layout-flow wp-block-column-is-layout-flow\">\r\n<div class=\"wp-block-spacer\" style=\"height: 50px;\" aria-hidden=\"true\">\u00a0<\/div>\r\n\r\n\r\n\r\n<p>Llan\u00e7ament de Radiomedia Arquitectura, una web repositori de diversos mitjanes sobre arquitectura.<\/p>\r\n\r\n\r\n\r\n<p>Data: 5 de\u00a0maig\u00a0a les 18h a la llibreria <strong>La Capell del Col\u00b7legi d\u2019Arquitectes de Catalunya<\/strong><\/p>\r\n\r\n\r\n<a class=\"md-btn button shortcode_button uk-light\" href=\"https:\/\/radiomediarq.openhousebarcelona.org\/\">Web de Radiomedia Arquitectura<\/a>\n<\/div>\r\n<\/div>\r\n<\/div>\r\n<\/div>\r\n\r\n\r\n\r\n<figure class=\"wp-block-image size-large is-style-rounded\"><img loading=\"lazy\" decoding=\"async\" width=\"1024\" height=\"485\" class=\"wp-image-36847\" src=\"https:\/\/www.48hopenhousebarcelona.org\/wp-content\/uploads\/2022\/05\/open1-1024x485.jpg\" alt=\"\" srcset=\"https:\/\/www.48hopenhousebarcelona.org\/wp-content\/uploads\/2022\/05\/open1-1024x485.jpg 1024w, https:\/\/www.48hopenhousebarcelona.org\/wp-content\/uploads\/2022\/05\/open1-300x142.jpg 300w, https:\/\/www.48hopenhousebarcelona.org\/wp-content\/uploads\/2022\/05\/open1-768x363.jpg 768w, https:\/\/www.48hopenhousebarcelona.org\/wp-content\/uploads\/2022\/05\/open1-1536x727.jpg 1536w, https:\/\/www.48hopenhousebarcelona.org\/wp-content\/uploads\/2022\/05\/open1-1320x625.jpg 1320w, https:\/\/www.48hopenhousebarcelona.org\/wp-content\/uploads\/2022\/05\/open1-400x189.jpg 400w, https:\/\/www.48hopenhousebarcelona.org\/wp-content\/uploads\/2022\/05\/open1.jpg 2016w\" sizes=\"auto, (max-width: 1024px) 100vw, 1024px\" \/>\r\n<figcaption>Josep Llu\u00eds Bl\u00e1zquez, Olga Subir\u00f3s, Elisenda Bonet, Juli Capella, Marc Longaron a la llibreria La Capell del Col\u00b7legi d\u2019Arquitectes de Catalunya<\/figcaption>\r\n<\/figure>\r\n\r\n\r\n\r\n<p><strong>Maneres de comunicar l&#8217;arquitectura:<\/strong><\/p>\r\n<p><span style=\"font-size: revert; color: initial;\"><a class=\"md-btn button shortcode_button uk-light\" href=\"https:\/\/www.ivoox.com\/llancament-radiomedia-arquitectura-audios-mp3_rf_86928806_1.html\">Escolta la presentaci\u00f3<\/a><\/span><\/p>\r\n\r\n\r\n\r\n<p id=\"block-f5c697e8-17f2-4908-bfd0-eec612c27589\" class=\"block-editor-rich-text__editable block-editor-block-list__block wp-block wp-block-paragraph rich-text\" tabindex=\"0\" role=\"document\" contenteditable=\"true\" aria-multiline=\"true\" aria-label=\"Bloc de par\u00e0graf\" data-block=\"f5c697e8-17f2-4908-bfd0-eec612c27589\" data-type=\"core\/paragraph\" data-title=\"Par\u00e0graf\" data-empty=\"false\">Amb el suport:<\/p>\r\n<figure id=\"block-a23e426f-931c-42bc-a96a-be95c585e07e\" class=\"block-editor-block-list__block wp-block is-resized size-full wp-block-image\" tabindex=\"0\" role=\"document\" aria-label=\"Bloc: Imatge\" data-block=\"a23e426f-931c-42bc-a96a-be95c585e07e\" data-type=\"core\/image\" data-title=\"Imatge\">\r\n<div class=\"components-resizable-box__container\"><img decoding=\"async\" src=\"https:\/\/www.48hopenhousebarcelona.org\/wp-content\/uploads\/2019\/09\/logo_aj_barcelona.png\" alt=\"Aquesta imatge t\u00e9 l'atribut alt buit; el seu nom \u00e9s logo_aj_barcelona.png\" \/>\r\n<div>\u00a0<\/div>\r\n<\/div>\r\n<div class=\"components-drop-zone\" data-is-drop-zone=\"true\">\u00a0<\/div>\r\n<\/figure>\r\n<div class=\"block-list-appender wp-block\" tabindex=\"-1\" contenteditable=\"false\" data-block=\"true\">\r\n<div class=\"block-editor-default-block-appender\" data-root-client-id=\"\">\r\n<p class=\"block-editor-default-block-appender__content\" tabindex=\"0\" role=\"button\" aria-label=\"Afegeix bloc per defecte\">\u00a0<\/p>\r\n<\/div>\r\n<\/div>\r\n<hr class=\"wp-block-separator\" \/>","protected":false},"excerpt":{"rendered":"<p>Aquest maig, uneix-te a l\u2019Open <\/p>\n","protected":false},"author":2,"featured_media":36800,"comment_status":"closed","ping_status":"closed","sticky":false,"template":"","format":"standard","meta":{"_acf_changed":false,"footnotes":""},"categories":[329],"tags":[],"class_list":["post-36627","post","type-post","status-publish","format-standard","has-post-thumbnail","hentry","category-noticies"],"acf":[],"_links":{"self":[{"href":"https:\/\/www.48hopenhousebarcelona.org\/ca\/wp-json\/wp\/v2\/posts\/36627","targetHints":{"allow":["GET"]}}],"collection":[{"href":"https:\/\/www.48hopenhousebarcelona.org\/ca\/wp-json\/wp\/v2\/posts"}],"about":[{"href":"https:\/\/www.48hopenhousebarcelona.org\/ca\/wp-json\/wp\/v2\/types\/post"}],"author":[{"embeddable":true,"href":"https:\/\/www.48hopenhousebarcelona.org\/ca\/wp-json\/wp\/v2\/users\/2"}],"replies":[{"embeddable":true,"href":"https:\/\/www.48hopenhousebarcelona.org\/ca\/wp-json\/wp\/v2\/comments?post=36627"}],"version-history":[{"count":70,"href":"https:\/\/www.48hopenhousebarcelona.org\/ca\/wp-json\/wp\/v2\/posts\/36627\/revisions"}],"predecessor-version":[{"id":42041,"href":"https:\/\/www.48hopenhousebarcelona.org\/ca\/wp-json\/wp\/v2\/posts\/36627\/revisions\/42041"}],"wp:featuredmedia":[{"embeddable":true,"href":"https:\/\/www.48hopenhousebarcelona.org\/ca\/wp-json\/wp\/v2\/media\/36800"}],"wp:attachment":[{"href":"https:\/\/www.48hopenhousebarcelona.org\/ca\/wp-json\/wp\/v2\/media?parent=36627"}],"wp:term":[{"taxonomy":"category","embeddable":true,"href":"https:\/\/www.48hopenhousebarcelona.org\/ca\/wp-json\/wp\/v2\/categories?post=36627"},{"taxonomy":"post_tag","embeddable":true,"href":"https:\/\/www.48hopenhousebarcelona.org\/ca\/wp-json\/wp\/v2\/tags?post=36627"}],"curies":[{"name":"wp","href":"https:\/\/api.w.org\/{rel}","templated":true}]}}