{"id":3791,"date":"2019-05-04T18:50:57","date_gmt":"2019-05-04T18:50:57","guid":{"rendered":"https:\/\/www.48hopenhousebarcelona.org\/?p=3791"},"modified":"2020-08-04T10:09:31","modified_gmt":"2020-08-04T10:09:31","slug":"setmana-darquitectura-2019","status":"publish","type":"post","link":"https:\/\/www.48hopenhousebarcelona.org\/ca\/setmana-darquitectura-2019\/","title":{"rendered":"Setmana d\u2019arquitectura 2019"},"content":{"rendered":"<p>L\u2019associaci\u00f3 48h OHB participa activament a la setmana d\u2019arquitectura 2019 des de varis\u00a0vessants, donar visibilitat a la crida d\u2019edificis per a la programaci\u00f3 del festival 48h Open House BCN (26 i 27 d\u2019octubre 2019), i amb dos projectes creats per l\u2019ocasi\u00f3:\u00a0<a href=\"https:\/\/www.48hopenhousebarcelona.org\/ca\/espais-ocults\">Espais Ocults\u00a0<\/a>i\u00a0<a href=\"https:\/\/www.48hopenhousebarcelona.org\/ca\/musica-x-arquitectura-2019\">M\u00fasica x Arquitectura<\/a>.<\/p>\n<p><strong><a href=\"https:\/\/www.48hopenhousebarcelona.org\/ca\/espais-ocults\">Espais Ocults<\/a><\/strong>\u00a0convida a revisar el patrimoni de deu monuments o edificis singulars de la ciutat de Barcelona des d\u2019un altre punt de vista de l\u2019habitual, s\u2019accedir\u00e0 i s\u2019explicaran espais desconeguts que van ser pensats per allotjar funcionalitats o serveis diversos i no per a ser habitats. Totes les activitats als espais s\u00f3n amb inscripci\u00f3, del 9 al 18 de maig.<br \/>\nLa segona edici\u00f3 de\u00a0<a href=\"https:\/\/www.48hopenhousebarcelona.org\/ca\/musica-x-arquitectura-2019\"><strong>M\u00fasica x Arquitectura<\/strong><\/a>, el projecte que relaciona experi\u00e8ncies arquitect\u00f2niques amb activitats art\u00edstiques creatives al voltant de la m\u00fasica, es realitzar\u00e0 el 16 de maig per la tarda al Pavell\u00f3 Mies Van der Rohe. Aquest singular edifici ser\u00e0 explicat per professionals de l\u2019arquitectura, del so, de la m\u00fasica i d\u2019artistes contemporanis que explicaran des de la immersi\u00f3 creativa la personalitat dels espais del Pavell\u00f3.<\/p>\n<p>Durant tota la setmana es projectaran, a la\u00a0<a href=\"http:\/\/ajuntament.barcelona.cat\/biblioteques\/bibfortpienc\/ca\">Biblioteca Fort Pienc<\/a>, curtmetratges\u00a0realitzats per l&#8217;Ass.\u00a048H Open House de Barcelona\u00a0sobre els seg\u00fcents temes:\u00a0habitatge p\u00fablic per a gent gran (<a href=\"https:\/\/www.youtube.com\/playlist?list=PL99Igae_Tcjtzq41x_gN2bJD61aqx0Jxc\"><strong>Gran Open Extra<\/strong><\/a>), el paper de la dona arquitecta (<a href=\"https:\/\/www.youtube.com\/watch?v=9A6JgNrDn58&amp;t=144s\"><strong>3 edificis, 3 dones arquitectes<\/strong><\/a>), recorreguts arquitect\u00f2nics per diferents edificis (<a href=\"https:\/\/www.youtube.com\/playlist?list=PL99Igae_Tcjtv1JsuKwLnaYHmVEB6_IxW\"><strong>Emmarquem l\u2019arquitectura<\/strong><\/a>)\u00a0i sobre el\u00a0projecte \u201c<a href=\"https:\/\/www.youtube.com\/watch?v=AbtRuVn4UYc&amp;t=48s\"><strong>Arquitectes a les aules<\/strong><\/a>\u201d. Tamb\u00e9 podeu consultar-los tots des del vostre ordenador gr\u00e0cies\u00a0al nostre\u00a0<a href=\"https:\/\/www.youtube.com\/channel\/UCXD-orew0WRLTGIYcTSEV0Q\">canal de YouTube<\/a>.<\/p>\n<p>&nbsp;<\/p>\n<p><img loading=\"lazy\" decoding=\"async\" class=\"alignnone size-medium wp-image-3796\" src=\"https:\/\/www.48hopenhousebarcelona.org\/wp-content\/uploads\/2019\/09\/setmana-arquitectura_2019-300x147.jpg\" alt=\"Setmana arquitectura 2019-th\" width=\"300\" height=\"147\" srcset=\"https:\/\/www.48hopenhousebarcelona.org\/wp-content\/uploads\/2019\/09\/setmana-arquitectura_2019-300x147.jpg 300w, https:\/\/www.48hopenhousebarcelona.org\/wp-content\/uploads\/2019\/09\/setmana-arquitectura_2019-400x195.jpg 400w, https:\/\/www.48hopenhousebarcelona.org\/wp-content\/uploads\/2019\/09\/setmana-arquitectura_2019.jpg 528w\" sizes=\"auto, (max-width: 300px) 100vw, 300px\" \/><\/p>\n","protected":false},"excerpt":{"rendered":"<p>L\u2019associaci\u00f3 48h OHB participa activament a la setmana d\u2019arquitectura 2019 des de<\/p>\n","protected":false},"author":2,"featured_media":3792,"comment_status":"closed","ping_status":"closed","sticky":false,"template":"","format":"standard","meta":{"_acf_changed":false,"footnotes":""},"categories":[210,670,329],"tags":[],"class_list":["post-3791","post","type-post","status-publish","format-standard","has-post-thumbnail","hentry","category-espais-ocults","category-musica-x-arquitectura","category-noticies"],"acf":[],"_links":{"self":[{"href":"https:\/\/www.48hopenhousebarcelona.org\/ca\/wp-json\/wp\/v2\/posts\/3791","targetHints":{"allow":["GET"]}}],"collection":[{"href":"https:\/\/www.48hopenhousebarcelona.org\/ca\/wp-json\/wp\/v2\/posts"}],"about":[{"href":"https:\/\/www.48hopenhousebarcelona.org\/ca\/wp-json\/wp\/v2\/types\/post"}],"author":[{"embeddable":true,"href":"https:\/\/www.48hopenhousebarcelona.org\/ca\/wp-json\/wp\/v2\/users\/2"}],"replies":[{"embeddable":true,"href":"https:\/\/www.48hopenhousebarcelona.org\/ca\/wp-json\/wp\/v2\/comments?post=3791"}],"version-history":[{"count":1,"href":"https:\/\/www.48hopenhousebarcelona.org\/ca\/wp-json\/wp\/v2\/posts\/3791\/revisions"}],"predecessor-version":[{"id":3798,"href":"https:\/\/www.48hopenhousebarcelona.org\/ca\/wp-json\/wp\/v2\/posts\/3791\/revisions\/3798"}],"wp:featuredmedia":[{"embeddable":true,"href":"https:\/\/www.48hopenhousebarcelona.org\/ca\/wp-json\/wp\/v2\/media\/3792"}],"wp:attachment":[{"href":"https:\/\/www.48hopenhousebarcelona.org\/ca\/wp-json\/wp\/v2\/media?parent=3791"}],"wp:term":[{"taxonomy":"category","embeddable":true,"href":"https:\/\/www.48hopenhousebarcelona.org\/ca\/wp-json\/wp\/v2\/categories?post=3791"},{"taxonomy":"post_tag","embeddable":true,"href":"https:\/\/www.48hopenhousebarcelona.org\/ca\/wp-json\/wp\/v2\/tags?post=3791"}],"curies":[{"name":"wp","href":"https:\/\/api.w.org\/{rel}","templated":true}]}}