{"id":3801,"date":"2019-05-16T18:56:39","date_gmt":"2019-05-16T18:56:39","guid":{"rendered":"https:\/\/www.48hopenhousebarcelona.org\/?p=3801"},"modified":"2025-06-16T09:14:30","modified_gmt":"2025-06-16T09:14:30","slug":"musica-x-arquitectura-2019","status":"publish","type":"post","link":"https:\/\/www.48hopenhousebarcelona.org\/ca\/musica-x-arquitectura-2019\/","title":{"rendered":"M\u00fasica x Arquitectura 2019"},"content":{"rendered":"<h2><strong>Programaci\u00f3<\/strong><\/h2>\n<p><strong>Dijous 16 de maig de 17 a\u00a022h<\/strong><br \/>\nLloc:\u00a0Pavell\u00f3 Mies van der Rohe<\/p>\n<p><strong>Horari<\/strong><\/p>\n<p>17 h\u00a0<strong>Visita arquitect\u00f2nica<\/strong>\u00a0amb Inscripci\u00f3 al Pavell\u00f3 Mies van der Rohe, per l&#8217;arquitecta M\u00f3nica Cruz (Inscripci\u00f3 a la visita)<\/p>\n<p>17.30 h\u00a0<strong>L\u2019art d\u2019escoltar per<\/strong>\u00a0<a href=\"https:\/\/www.48hopenhousebarcelona.org\/es\/node\/1781\">Francesc Tic\u00f3<\/a>\u00a0t\u00e8cnic de s\u00f3 i productor musical (Inscripci\u00f3 a la confer\u00e8ncia)<\/p>\n<p>19 h a\u00a020.45 h\u00a0\u00a0<strong>Musitectura: una lectura musical de l\u2019espai\u00a0<\/strong>per\u00a0<a href=\"https:\/\/www.48hopenhousebarcelona.org\/ca\/autor\/gerard-guerra-lopez\">Gerard Guerra L\u00f3pez<\/a>\u00a0arquitecte i m\u00fasic<br \/>\nConfer\u00e8ncia te\u00f2rico-pr\u00e0ctica (Inscripci\u00f3 a la confer\u00e8ncia\u00a045&#8242;)<br \/>\nConcert de piano (1h), sense inscripci\u00f3<\/p>\n<p>20.45 h\u00a0\u00a0<strong>D\u00e4mmerung per\u00a0<\/strong><a href=\"https:\/\/www.48hopenhousebarcelona.org\/ca\/autor\/ensemble-topografic\">Ensemble Topogr\u00e0fic<\/a>\u00a0(Concert i\u00a0performance sense inscripci\u00f3)<\/p>\n<p>17 a 22 h\u00a0<strong>Veu silenciada per\u00a0<\/strong>Datalash i Francesc Tic\u00f3<strong>\u00a0<\/strong>(Instal\u00b7laci\u00f3)<\/p>\n<p>&#8212;<\/p>\n<p><strong>L&#8217;art d&#8217;escoltar &#8211; Francesc Tic\u00f3<\/strong><br \/>\nLa mu\u0301sica, igual que l&#8217;arquitectura, e\u0301s art en estat pur. Per reprodui\u0308r i gaudir de la mu\u0301sica en directe o en estudi, la geometria i els materials amb els que estan construi\u0308ts els espais on s&#8217;escolta, contribueix de forma significativa en com s&#8217;aprecia i com t&#8217;afecta a la teva emocio\u0301.\u00a0Parlarem d&#8217;insonoritzacio\u0301 i acondicionament acu\u0301stic en sales de mescla i d&#8217;enregistrament en estudis de gravacio\u0301, auditoris i teatres. Fent un recorregut al llarg dels segles veurem l&#8217;evolucio\u0301 des de com s&#8217;espavilava l&#8217;home per poder amplificar sense altaveus ni micro\u0300fons, realitzant increi\u0308bles obres arquitecto\u0301niques plenes d&#8217;enginy i completament eficients fins als me\u0301s sofisticats estudis de gravacio\u0301 que fan u\u0301s de diferents te\u0300cniques, sempre per aconseguir l&#8217;objectiu desitjat: escoltar la mu\u0301sica.<\/p>\n<p><strong>Musitectura: una lectura musical de l\u2019espai &#8211; Gerard Guerra L\u00f3pez\u00a0<\/strong><br \/>\nAmb el suport d\u2019un piano de cua, aquesta activitat combinar\u00e0 petites explicacions amb suport audiovisual (diapositives) introduint conceptes sobre \u201cmusitectura\u201d (entesa com a simbiosi entre m\u00fasica i arquitectura) amb la interpretaci\u00f3 en directe d\u2019exemples musicals tocats al piano.<\/p>\n<p><strong>D\u00e4mmerung &#8211; Ensemble Topogr\u00e0fic<\/strong><br \/>\nMies van der Rohe i Lilly Reich van projectar el Pavell\u00f3 Alemany per l&#8217;Exposici\u00f3 Internacional de Barcelona del 1929. Propos\u00e0ven un espai que fos &#8220;l&#8217;esperit d&#8217;una nova era&#8221;, on interior i exterior es dilu\u00efen i materials refinats i tradicionals s&#8217;alternaven com a fonaments, estructura i elements en suspensi\u00f3. Fusi\u00f3 est\u00e8tica de continent i contingut, transpar\u00e8ncia. Cadascun dels seus racons responia a un estudi acurat de llums, ombres i colors en pro d&#8217;una harmonia i una posada en escena racional i, alhora, po\u00e8tica i evocadora. Per primer cop, Ensemble Topogr\u00e0fic prenem un paisatge arquitect\u00f2nic concret com a punt de partida per intervenir-lo &#8220;in situ&#8221;. Proposarem una acci\u00f3 en total sintonia amb la nostra constant experimentaci\u00f3 com a duet on les fronteres dels llenguatges de so, moviment i teatre f\u00edsic es difuminen i dialoguen creant un discurs \u00fanic per cada actuaci\u00f3. Resseguirem i habitarem aquest pavell\u00f3 reconstru\u00eft, atemporal, amb un &#8220;acte\/missatge&#8221; inspirat en la voluntat \u00e8tica i est\u00e8tica dels seus creadors.<\/p>\n<p><strong>Instal\u00b7laci\u00f3 sonora: Veu silenciada<\/strong><br \/>\nLa r\u00e0dio que va ser el mitj\u00e0 d&#8217;informaci\u00f3 massiu i de comunicaci\u00f3 de comen\u00e7aments del segle XX, va permetre\u00a0al poble per primera vegada\u00a0escoltar la veu de mandataris,\u00a0i es va utilitzar com una eina pol\u00edtica de gran abast.<br \/>\nVeu silenciada, \u00e9s una reflexi\u00f3 en forma d\u2019instal\u00b7laci\u00f3 de la frase de Laura Mart\u00ednez de\u00a0Guere\u00f1u: \u201cLa hist\u00f2ria no ha sigut justa amb Lilly Reich\u201d, fent una analogia\u00a0entre micr\u00f2fon i hist\u00f2ria.\u00a0Es proposa la instal\u00b7laci\u00f3 d\u2019un micr\u00f2fon com la interf\u00edcie que va recollir o transmetre la veu de Mies Van der Rohe i de Lilly Reich per a la\u00a0radiodifusi\u00f3 de la seva obra dins la hist\u00f2ria.<br \/>\nLa veu de Lilly Reich\u00a0va ser relegada a un segon pla, si no inexistent, en el relat i en la mem\u00f2ria d&#8217;aquesta obra cabdal en la hist\u00f2ria de l&#8217;arquitectura. En reconeixement a aquest llegat\u00a0arquitect\u00f2nic de Lilly Reich, aquest micr\u00f2fon simbolitza la hist\u00f2ria que no ha recollit la seva traject\u00f2ria i que, per tant, ha silenciat.<br \/>\nElements de la instal\u00b7laci\u00f3:<br \/>\nLa instal\u00b7laci\u00f3 est\u00e0 formada per un micr\u00f2fon situat sobre el seu peu, i sobre\u00a0un adhesiu a modus de catifa, i una breu explicaci\u00f3 escrita. El micr\u00f2fon t\u00e9 parts mortes de captaci\u00f3,\u00a0al igual que la hist\u00f2ria \u00e9s unidireccional i t\u00e9 parts mortes de transmissi\u00f3. Es planteja un micr\u00f2fon mut i la visualitzaci\u00f3 gr\u00e0fica del globus polar a modus de catifa amb el nom\u00a0de Mies i Lilly Reich situats respectivament en els punts de m\u00e0xima captaci\u00f3 i m\u00ednima del globus.<\/p>\n<p><strong>Organitzen:<\/strong><\/p>\n<p><img loading=\"lazy\" decoding=\"async\" class=\"alignnone size-full wp-image-3802\" src=\"https:\/\/www.48hopenhousebarcelona.org\/wp-content\/uploads\/2019\/09\/48-open-logo.png\" alt=\"\" width=\"147\" height=\"140\" \/><\/p>\n<p><img loading=\"lazy\" decoding=\"async\" class=\"alignnone size-medium wp-image-3804\" src=\"https:\/\/www.48hopenhousebarcelona.org\/wp-content\/uploads\/2019\/09\/cropped-dedo-blue-on-white-3-300x93.jpg\" alt=\"\" width=\"300\" height=\"93\" srcset=\"https:\/\/www.48hopenhousebarcelona.org\/wp-content\/uploads\/2019\/09\/cropped-dedo-blue-on-white-3-300x93.jpg 300w, https:\/\/www.48hopenhousebarcelona.org\/wp-content\/uploads\/2019\/09\/cropped-dedo-blue-on-white-3-400x123.jpg 400w, https:\/\/www.48hopenhousebarcelona.org\/wp-content\/uploads\/2019\/09\/cropped-dedo-blue-on-white-3.jpg 723w\" sizes=\"auto, (max-width: 300px) 100vw, 300px\" \/><\/p>\n<p><strong>Col\u00b7laboren:<\/strong><\/p>\n<p><img loading=\"lazy\" decoding=\"async\" class=\"alignnone size-medium wp-image-3806\" src=\"https:\/\/www.48hopenhousebarcelona.org\/wp-content\/uploads\/2019\/09\/logo_mies-1.png\" alt=\"\" width=\"199\" height=\"90\" \/><\/p>\n<p><img loading=\"lazy\" decoding=\"async\" class=\"alignnone size-medium wp-image-3808\" src=\"https:\/\/www.48hopenhousebarcelona.org\/wp-content\/uploads\/2019\/09\/qfundacion_arquia_lateral-color-01_quadrat-300x82.jpg\" alt=\"\" width=\"300\" height=\"82\" srcset=\"https:\/\/www.48hopenhousebarcelona.org\/wp-content\/uploads\/2019\/09\/qfundacion_arquia_lateral-color-01_quadrat-300x82.jpg 300w, https:\/\/www.48hopenhousebarcelona.org\/wp-content\/uploads\/2019\/09\/qfundacion_arquia_lateral-color-01_quadrat-400x110.jpg 400w, https:\/\/www.48hopenhousebarcelona.org\/wp-content\/uploads\/2019\/09\/qfundacion_arquia_lateral-color-01_quadrat-768x211.jpg 768w, https:\/\/www.48hopenhousebarcelona.org\/wp-content\/uploads\/2019\/09\/qfundacion_arquia_lateral-color-01_quadrat-1024x281.jpg 1024w, https:\/\/www.48hopenhousebarcelona.org\/wp-content\/uploads\/2019\/09\/qfundacion_arquia_lateral-color-01_quadrat.jpg 1253w\" sizes=\"auto, (max-width: 300px) 100vw, 300px\" \/><\/p>\n<p><strong>Marc:<\/strong><\/p>\n<p><img loading=\"lazy\" decoding=\"async\" class=\"alignnone size-medium wp-image-3810\" src=\"https:\/\/www.48hopenhousebarcelona.org\/wp-content\/uploads\/2019\/09\/setmana-arquitectura_2019-300x147.png\" alt=\"\" width=\"300\" height=\"147\" srcset=\"https:\/\/www.48hopenhousebarcelona.org\/wp-content\/uploads\/2019\/09\/setmana-arquitectura_2019-300x147.png 300w, https:\/\/www.48hopenhousebarcelona.org\/wp-content\/uploads\/2019\/09\/setmana-arquitectura_2019-400x195.png 400w, https:\/\/www.48hopenhousebarcelona.org\/wp-content\/uploads\/2019\/09\/setmana-arquitectura_2019.png 528w\" sizes=\"auto, (max-width: 300px) 100vw, 300px\" \/><\/p>\n","protected":false},"excerpt":{"rendered":"<p>La m\u00fasica ser\u00e0 l&#8217;eina que ens explicar\u00e0 la personalitat dels espais del Pavell\u00f3 Mies Van der<\/p>\n","protected":false},"author":2,"featured_media":15622,"comment_status":"closed","ping_status":"closed","sticky":false,"template":"","format":"standard","meta":{"_acf_changed":false,"footnotes":""},"categories":[670],"tags":[],"class_list":["post-3801","post","type-post","status-publish","format-standard","has-post-thumbnail","hentry","category-musica-x-arquitectura"],"acf":[],"_links":{"self":[{"href":"https:\/\/www.48hopenhousebarcelona.org\/ca\/wp-json\/wp\/v2\/posts\/3801","targetHints":{"allow":["GET"]}}],"collection":[{"href":"https:\/\/www.48hopenhousebarcelona.org\/ca\/wp-json\/wp\/v2\/posts"}],"about":[{"href":"https:\/\/www.48hopenhousebarcelona.org\/ca\/wp-json\/wp\/v2\/types\/post"}],"author":[{"embeddable":true,"href":"https:\/\/www.48hopenhousebarcelona.org\/ca\/wp-json\/wp\/v2\/users\/2"}],"replies":[{"embeddable":true,"href":"https:\/\/www.48hopenhousebarcelona.org\/ca\/wp-json\/wp\/v2\/comments?post=3801"}],"version-history":[{"count":3,"href":"https:\/\/www.48hopenhousebarcelona.org\/ca\/wp-json\/wp\/v2\/posts\/3801\/revisions"}],"predecessor-version":[{"id":54188,"href":"https:\/\/www.48hopenhousebarcelona.org\/ca\/wp-json\/wp\/v2\/posts\/3801\/revisions\/54188"}],"wp:featuredmedia":[{"embeddable":true,"href":"https:\/\/www.48hopenhousebarcelona.org\/ca\/wp-json\/wp\/v2\/media\/15622"}],"wp:attachment":[{"href":"https:\/\/www.48hopenhousebarcelona.org\/ca\/wp-json\/wp\/v2\/media?parent=3801"}],"wp:term":[{"taxonomy":"category","embeddable":true,"href":"https:\/\/www.48hopenhousebarcelona.org\/ca\/wp-json\/wp\/v2\/categories?post=3801"},{"taxonomy":"post_tag","embeddable":true,"href":"https:\/\/www.48hopenhousebarcelona.org\/ca\/wp-json\/wp\/v2\/tags?post=3801"}],"curies":[{"name":"wp","href":"https:\/\/api.w.org\/{rel}","templated":true}]}}