{"id":3821,"date":"2019-05-27T19:04:56","date_gmt":"2019-05-27T19:04:56","guid":{"rendered":"https:\/\/www.48hopenhousebarcelona.org\/?p=3821"},"modified":"2023-06-06T14:28:44","modified_gmt":"2023-06-06T14:28:44","slug":"espais-ocults-placa-espanya-font-i-torres-venecianes","status":"publish","type":"post","link":"https:\/\/www.48hopenhousebarcelona.org\/ca\/espais-ocults-placa-espanya-font-i-torres-venecianes\/","title":{"rendered":"Espais ocults, Pla\u00e7a Espanya, Font i Torres Venecianes"},"content":{"rendered":"<p>Amb motiu de l&#8217;Exposici\u00f3 Internacional de 1929 Josep Maria Jujol va dissenyar una font monumental que representa una al\u00b7legoria po\u00e8tica a Espanya simbolitzada pels quatre grans rius que desemboquen als mars que voregen la pen\u00ednsula. El monument recorda a una font barroca formada per una base i un cos central on la decoraci\u00f3 escult\u00f2rica, obra de diversos autors, destaca les tend\u00e8ncies estil\u00edstiques del moment: Miquel Blay de car\u00e0cter classicista, els germans Osl\u00e9 que s&#8217;apropen\u00a0al noucentisme, i Frederic Llobet a l&#8217;art d\u00e9co.<\/p>\n<p>Les dues torres de planta quadrada i 44 metres d\u2019al\u00e7ada es van concebre com la porta d\u2019entrada a l\u2019Exposici\u00f3 Internacional de Barcelona i estan inspirades en el campanar de la catedral de Sant Marc de Ven\u00e8cia (d\u2019aqu\u00ed ve el seu nom). Fidels als principis arquitect\u00f2nics del moment, es van construir amb pedra artificial i obra vista, materials poc nobles per\u00f2 coherents amb la voluntat de ser enderrocades un cop acabada l\u2019Exposici\u00f3.<\/p>\n<p>A\u00a0la darrera jornada d&#8217;<a class=\"_58cn\" href=\"https:\/\/www.facebook.com\/hashtag\/espaisocults?source=feed_text&amp;epa=HASHTAG&amp;__xts__%5B0%5D=68.ARDPJKHM0xLY-JLicqZqEn6agJdLpegS-OPJdj42zEifDP-9I50ws8EzeyX_uAbTnQ8izN7v9cSZKi2H50ERCE0zZBll5AbwWRdC7HOVxv_2kfdR-U9s3DNiPg4ZTAdwFhDtD8FJrMmJZH094xCtlc3bVGOgTSuNMQN8svmimCRoJzy33SSdHk8blPooWmNOSKneBcSDojrZPz-4QLkqxvUExsoD0RB8u1J_E9xP0G5L5OdTXrxPnLpkydG0a8JuyGMYI_kNTWVXhQ7kmyCHIe1Ugb6TF1OGjEcIjk3JcFYc7DhVEtCTgHvVRu15_JNKOmSFzPQD-E-FUELTM4I-XE3Evg&amp;__tn__=%2ANK-R\">#EspaisOcults<\/a>\u00a0de la\u00a0<a class=\"_58cn\" href=\"https:\/\/www.facebook.com\/hashtag\/setmanaarquitectura?source=feed_text&amp;epa=HASHTAG&amp;__xts__%5B0%5D=68.ARDPJKHM0xLY-JLicqZqEn6agJdLpegS-OPJdj42zEifDP-9I50ws8EzeyX_uAbTnQ8izN7v9cSZKi2H50ERCE0zZBll5AbwWRdC7HOVxv_2kfdR-U9s3DNiPg4ZTAdwFhDtD8FJrMmJZH094xCtlc3bVGOgTSuNMQN8svmimCRoJzy33SSdHk8blPooWmNOSKneBcSDojrZPz-4QLkqxvUExsoD0RB8u1J_E9xP0G5L5OdTXrxPnLpkydG0a8JuyGMYI_kNTWVXhQ7kmyCHIe1Ugb6TF1OGjEcIjk3JcFYc7DhVEtCTgHvVRu15_JNKOmSFzPQD-E-FUELTM4I-XE3Evg&amp;__tn__=%2ANK-R\">#SetmanaArquitectura<\/a>\u00a0vam poder realitzar una visita guiada a c\u00e0rrec de Diego M\u00e9ndez, arquitecte.<\/p>\n<p>Gr\u00e0cies a tots els que ens heu acompanyat a explorar espais secrets de la ciutat!<\/p>\n<p><img loading=\"lazy\" decoding=\"async\" class=\"alignnone wp-image-3828 size-full\" src=\"https:\/\/www.48hopenhousebarcelona.org\/wp-content\/uploads\/2019\/09\/Espais-ocults-Pla\u00e7a-Espanya-Font-i-Torres-Venecianes-img-1.jpg\" alt=\"\" width=\"900\" height=\"600\" srcset=\"https:\/\/www.48hopenhousebarcelona.org\/wp-content\/uploads\/2019\/09\/Espais-ocults-Pla\u00e7a-Espanya-Font-i-Torres-Venecianes-img-1.jpg 900w, https:\/\/www.48hopenhousebarcelona.org\/wp-content\/uploads\/2019\/09\/Espais-ocults-Pla\u00e7a-Espanya-Font-i-Torres-Venecianes-img-1-400x267.jpg 400w, https:\/\/www.48hopenhousebarcelona.org\/wp-content\/uploads\/2019\/09\/Espais-ocults-Pla\u00e7a-Espanya-Font-i-Torres-Venecianes-img-1-300x200.jpg 300w, https:\/\/www.48hopenhousebarcelona.org\/wp-content\/uploads\/2019\/09\/Espais-ocults-Pla\u00e7a-Espanya-Font-i-Torres-Venecianes-img-1-768x512.jpg 768w\" sizes=\"auto, (max-width: 900px) 100vw, 900px\" \/><\/p>\n","protected":false},"excerpt":{"rendered":"<p>_<\/p>\n","protected":false},"author":2,"featured_media":2329,"comment_status":"closed","ping_status":"closed","sticky":false,"template":"","format":"standard","meta":{"_acf_changed":false,"footnotes":""},"categories":[210],"tags":[],"class_list":["post-3821","post","type-post","status-publish","format-standard","has-post-thumbnail","hentry","category-espais-ocults"],"acf":[],"_links":{"self":[{"href":"https:\/\/www.48hopenhousebarcelona.org\/ca\/wp-json\/wp\/v2\/posts\/3821","targetHints":{"allow":["GET"]}}],"collection":[{"href":"https:\/\/www.48hopenhousebarcelona.org\/ca\/wp-json\/wp\/v2\/posts"}],"about":[{"href":"https:\/\/www.48hopenhousebarcelona.org\/ca\/wp-json\/wp\/v2\/types\/post"}],"author":[{"embeddable":true,"href":"https:\/\/www.48hopenhousebarcelona.org\/ca\/wp-json\/wp\/v2\/users\/2"}],"replies":[{"embeddable":true,"href":"https:\/\/www.48hopenhousebarcelona.org\/ca\/wp-json\/wp\/v2\/comments?post=3821"}],"version-history":[{"count":2,"href":"https:\/\/www.48hopenhousebarcelona.org\/ca\/wp-json\/wp\/v2\/posts\/3821\/revisions"}],"predecessor-version":[{"id":42835,"href":"https:\/\/www.48hopenhousebarcelona.org\/ca\/wp-json\/wp\/v2\/posts\/3821\/revisions\/42835"}],"wp:featuredmedia":[{"embeddable":true,"href":"https:\/\/www.48hopenhousebarcelona.org\/ca\/wp-json\/wp\/v2\/media\/2329"}],"wp:attachment":[{"href":"https:\/\/www.48hopenhousebarcelona.org\/ca\/wp-json\/wp\/v2\/media?parent=3821"}],"wp:term":[{"taxonomy":"category","embeddable":true,"href":"https:\/\/www.48hopenhousebarcelona.org\/ca\/wp-json\/wp\/v2\/categories?post=3821"},{"taxonomy":"post_tag","embeddable":true,"href":"https:\/\/www.48hopenhousebarcelona.org\/ca\/wp-json\/wp\/v2\/tags?post=3821"}],"curies":[{"name":"wp","href":"https:\/\/api.w.org\/{rel}","templated":true}]}}