{"id":42290,"date":"2023-04-12T12:11:16","date_gmt":"2023-04-12T12:11:16","guid":{"rendered":"https:\/\/www.48hopenhousebarcelona.org\/?p=42290"},"modified":"2023-06-06T14:27:51","modified_gmt":"2023-06-06T14:27:51","slug":"espais-ocults-a-model-2023","status":"publish","type":"post","link":"https:\/\/www.48hopenhousebarcelona.org\/ca\/espais-ocults-a-model-2023\/","title":{"rendered":"Espais Ocults a +Model 2023"},"content":{"rendered":"<h4><b>ESPAIS OCULTS 2023 programa visites guiades amb grups redu\u00efts per oferir m\u00e9s bona comprensi\u00f3 i identificaci\u00f3 emocional del p\u00fablic amb la ciutat. <\/b><\/h4>\n<p>Els espais que es visiten s\u2019expliquen, amb <strong>EMPATIA RADICAL<\/strong>, des de la transversalitat social, cultural i ambiental: des de la complexitat t\u00e8cnica de la construcci\u00f3 d\u2019una presa fins a la nova nomenclatura de la passera superior que reconeix la figura de Rosa Barba; des del coneixement hist\u00f2ric de l\u2019Exposici\u00f3 Internacional del 1929 fins al futur projecte per a la Casa de la Premsa previst per al 2029, passant per la reivindicaci\u00f3 ve\u00efnal; des del reconeixement a l\u2019arquitecte Llu\u00eds Dom\u00e8nech i Montaner fins a l\u2019explicaci\u00f3 de la complexitat del proc\u00e9s constructiu de les seves obres. Estem conven\u00e7uts que donar a con\u00e8ixer la ciutat millora la qualitat de vida de les persones i afavoreix l\u2019aparici\u00f3 de noves maneres d\u2019ocupar-la.<\/p>\n<p>Del 20 al 30 d\u2019abril, obrirem les portes a cinc dels llocs m\u00e9s sorprenents i destacats de les darreres cinc edicions d\u2019Espais Ocults. I un sis\u00e8 espai molt especial i \u00fanic per a aquesta edici\u00f3.<\/p>\n<p>Pots consultar els espais en la pr\u00f2pia web d&#8217;<a href=\"http:\/\/espaisocults.openhousebarcelona.org\/2023\/\">Espais Ocults<\/a>, i a continuaci\u00f3 compartim horaris i dades d&#8217;inter\u00e8s de cadascun.&nbsp;Per participar a les activitats \u00e9s imprescindible realitzar inscripci\u00f3 pr\u00e8via <a href=\"https:\/\/www.eventbrite.es\/o\/48h-open-house-bcn-17785195955\">aqu\u00ed<\/a> (<strong>ENTRADES ESGOTADES<\/strong>), a partir del divendres 14 d&#8217;abril a les 10h.<\/p>\n<p>&nbsp;<\/p>\n<p><b>GALERIA INTERIOR <\/b><b>I PASSERA<\/b><b> DE LA PRESA DEL PANT\u00c0 DE VALLVIDRERA<\/b><\/p>\n<p><span style=\"font-weight: 400;\">Dijous 20 d\u2019abril<\/span><\/p>\n<p><span style=\"font-weight: 400;\">Visites a les 17, 17.30 i 18 h, a c\u00e0rrec de Elisabet Avil\u00e9s (<\/span><span style=\"font-weight: 400;\">arquitecte t\u00e8cnic al&nbsp; Consorci del Parc Natural de la Serra de Collserola)<\/span><\/p>\n<p><span style=\"font-weight: 400;\">Idioma: catal\u00e0<\/span><\/p>\n<p><em><span style=\"font-weight: 400;\">* Per temes de seguretat, \u00e9s imprescindible dur sabata tancada.&nbsp;<\/span><\/em><\/p>\n<p><em><span style=\"font-weight: 400;\">* L\u2019organitzaci\u00f3 facilitar\u00e0 armilles de seguretat als visitants.<\/span><\/em><\/p>\n<h4><b>CISTERNA DE LA SALA HIP\u00d2STILA DEL PARK G\u00dcELL<\/b><\/h4>\n<p><span style=\"font-weight: 400;\">Divendres 21 d\u2019abril<\/span><\/p>\n<p><span style=\"font-weight: 400;\">Visites a les 15 i 16 h, <\/span><span style=\"font-weight: 400;\">a c\u00e0rrec del Departament de Patrimoni Arquitect\u00f2nic i Art\u00edstic de l&#8217;Ajuntament de Barcelona<\/span><\/p>\n<p><span style=\"font-weight: 400;\">Idioma: catal\u00e0<\/span><\/p>\n<p><em><span style=\"font-weight: 400;\">* Per temes de seguretat, \u00e9s imprescindible dur sabata tancada.&nbsp;<\/span><\/em><\/p>\n<p><b>CASA TOSQUELLA&nbsp;<\/b><\/p>\n<p><span style=\"font-weight: 400;\">Dissabte 22 d\u2019abril<\/span><\/p>\n<p><span style=\"font-weight: 400;\">Visites a les 11 i 12 h, a c\u00e0rrec de Roser D\u00edaz (historiadora)<\/span><\/p>\n<p><span style=\"font-weight: 400;\">Idioma: catal\u00e0<\/span><\/p>\n<p><b>TORRE VENECIANA<\/b><\/p>\n<p><span style=\"font-weight: 400;\">Dilluns 24 i divendres 28 d\u2019abril<\/span><\/p>\n<p><span style=\"font-weight: 400;\">Visites a les 18 i 19 h, a c\u00e0rrec de Pep Aloy<br \/>\n<\/span><\/p>\n<p><span style=\"font-weight: 400;\">Idioma: catal\u00e0<br \/>\n<\/span><\/p>\n<p><em><span style=\"font-weight: 400;\">* Mirant a Montju\u00efc, es visitar\u00e0 la torre dreta: es pujar\u00e0 fins al nivell on se situa el quadre el\u00e8ctric (no s\u2019accedir\u00e0 a la llotja de columnes amb vistes) i es mostrar\u00e0 el t\u00fanel de connexi\u00f3 amb la Font M\u00e0gica de Montju\u00efc.<\/span><\/em><\/p>\n<p><em><span style=\"font-weight: 400;\">* Visites no accessibles<\/span><\/em><\/p>\n<p><em><span style=\"font-weight: 400;\">* Per temes de seguretat, \u00e9s imprescindible dur sabata tancada.&nbsp;<\/span><\/em><span style=\"font-weight: 400;\">&nbsp;<\/span><\/p>\n<p><b>CASA DE LA PREMSA<\/b><\/p>\n<p><span style=\"font-weight: 400;\">Dimecres 26 i dijous 27 d\u2019abril<\/span><\/p>\n<p><span style=\"font-weight: 400;\">Visites a les 18 i 19 h<\/span><\/p>\n<p><span style=\"font-weight: 400;\">Visita a c\u00e0rrec de l\u2019estudi d\u2019arquitectura MATTERS<\/span><\/p>\n<p><span style=\"font-weight: 400;\">Idioma: catal\u00e0<\/span><\/p>\n<p><em><span style=\"font-weight: 400;\">* Per temes de seguretat, \u00e9s imprescindible dur sabata tancada.&nbsp;<\/span><\/em><\/p>\n<p><em><span style=\"font-weight: 400;\">* L\u2019organitzaci\u00f3 facilitar\u00e0 armilles de seguretat als visitants.<\/span><\/em><\/p>\n<p><span style=\"color: #ff0000;\"><b>[NOVETAT] PALAU DE LA M\u00daSICA CATALANA<\/b><\/span><\/p>\n<p><span style=\"font-weight: 400;\">Dissabte 29 d\u2019abril<\/span><\/p>\n<p><span style=\"font-weight: 400;\">Visita a les 12.30 h, a c\u00e0rrec de guies propis del Palau de la M\u00fasica Catalana<\/span><\/p>\n<p><span style=\"font-weight: 400;\">Idioma: catal\u00e0<\/span><\/p>\n<p><em><span style=\"font-weight: 400;\">* Es visitaran els espais seg\u00fcents: Sala de Concerts, Sala Lluis Millet (amb la balconada), Sala d\u2019assaig de l\u2019Orfe\u00f3 Catal\u00e0, oficines (antigues golfes de l\u2019edifici a la 6a planta), camerino del director i Centre de Documentaci\u00f3 Musical del Palau.<\/span><\/em><\/p>\n<p>&nbsp;<\/p>\n<p><img loading=\"lazy\" decoding=\"async\" class=\"alignnone size-medium wp-image-42294\" src=\"https:\/\/www.48hopenhousebarcelona.org\/wp-content\/uploads\/2023\/04\/AAFF_Logo_Model_03-300x83.png\" alt=\"\" width=\"300\" height=\"83\" srcset=\"https:\/\/www.48hopenhousebarcelona.org\/wp-content\/uploads\/2023\/04\/AAFF_Logo_Model_03-300x83.png 300w, https:\/\/www.48hopenhousebarcelona.org\/wp-content\/uploads\/2023\/04\/AAFF_Logo_Model_03-400x111.png 400w, https:\/\/www.48hopenhousebarcelona.org\/wp-content\/uploads\/2023\/04\/AAFF_Logo_Model_03.png 432w\" sizes=\"auto, (max-width: 300px) 100vw, 300px\" \/><\/p>\n<p>&nbsp;<\/p>\n","protected":false},"excerpt":{"rendered":"<p>Visites guiades amb grups redu\u00efts<\/p>\n","protected":false},"author":26,"featured_media":42327,"comment_status":"closed","ping_status":"closed","sticky":false,"template":"","format":"standard","meta":{"_acf_changed":false,"footnotes":""},"categories":[210],"tags":[],"class_list":["post-42290","post","type-post","status-publish","format-standard","has-post-thumbnail","hentry","category-espais-ocults"],"acf":[],"_links":{"self":[{"href":"https:\/\/www.48hopenhousebarcelona.org\/ca\/wp-json\/wp\/v2\/posts\/42290","targetHints":{"allow":["GET"]}}],"collection":[{"href":"https:\/\/www.48hopenhousebarcelona.org\/ca\/wp-json\/wp\/v2\/posts"}],"about":[{"href":"https:\/\/www.48hopenhousebarcelona.org\/ca\/wp-json\/wp\/v2\/types\/post"}],"author":[{"embeddable":true,"href":"https:\/\/www.48hopenhousebarcelona.org\/ca\/wp-json\/wp\/v2\/users\/26"}],"replies":[{"embeddable":true,"href":"https:\/\/www.48hopenhousebarcelona.org\/ca\/wp-json\/wp\/v2\/comments?post=42290"}],"version-history":[{"count":16,"href":"https:\/\/www.48hopenhousebarcelona.org\/ca\/wp-json\/wp\/v2\/posts\/42290\/revisions"}],"predecessor-version":[{"id":42834,"href":"https:\/\/www.48hopenhousebarcelona.org\/ca\/wp-json\/wp\/v2\/posts\/42290\/revisions\/42834"}],"wp:featuredmedia":[{"embeddable":true,"href":"https:\/\/www.48hopenhousebarcelona.org\/ca\/wp-json\/wp\/v2\/media\/42327"}],"wp:attachment":[{"href":"https:\/\/www.48hopenhousebarcelona.org\/ca\/wp-json\/wp\/v2\/media?parent=42290"}],"wp:term":[{"taxonomy":"category","embeddable":true,"href":"https:\/\/www.48hopenhousebarcelona.org\/ca\/wp-json\/wp\/v2\/categories?post=42290"},{"taxonomy":"post_tag","embeddable":true,"href":"https:\/\/www.48hopenhousebarcelona.org\/ca\/wp-json\/wp\/v2\/tags?post=42290"}],"curies":[{"name":"wp","href":"https:\/\/api.w.org\/{rel}","templated":true}]}}