{"id":47504,"date":"2023-10-25T11:14:42","date_gmt":"2023-10-25T11:14:42","guid":{"rendered":"https:\/\/www.48hopenhousebarcelona.org\/?p=47504"},"modified":"2024-07-16T10:38:08","modified_gmt":"2024-07-16T10:38:08","slug":"el-48h-open-house-bcn-la-festa-de-la-cultura-arquitectonica","status":"publish","type":"post","link":"https:\/\/www.48hopenhousebarcelona.org\/ca\/el-48h-open-house-bcn-la-festa-de-la-cultura-arquitectonica\/","title":{"rendered":"LA FESTA DE LA CULTURA ARQUITECT\u00d2NICA!"},"content":{"rendered":"\r\n<h3 class=\"wp-block-heading\"><b>M\u00e9s de 76.500 persones encuriosides per l\u2019arquitectura han participat a la 14\u00aa edici\u00f3 del\u00a0 festival d\u2019arquitectura 48h Open House BCN, la cita anual amb l\u2019arquitectura que ha esdevingut una gran festa cultural.<\/b><\/h3>\r\n<p class=\"wp-block-heading\"><span style=\"font-weight: 400;\">Gr\u00e0cies! Aquest cap de setmana, 21 i 22 d\u2019octubre de 2023, s\u2019han realitzat <\/span><b>76.512<\/b><strong> visites<\/strong><span style=\"font-weight: 400;\"> a la 14a edici\u00f3 del festival d\u2019arquitectura 48h Open House BCN. Una vegada m\u00e9s, la inquietud per l\u2019aproximaci\u00f3 a l\u2019arquitectura per part de la ciutadania s\u2019ha fet palesa en el marc d\u2019aquest festival. Pels carrers de <strong>Barcelona, L\u2019Hospitalet, Santa Coloma de Gramenet, Badalona, Sant Joan Desp\u00ed, Vilassar de Dalt i Sitges<\/strong>, s\u2019ha vist gent passejant i cercant l\u2019adre\u00e7a d\u2019aquell espai que volia descobrir per dins, amb l&#8217;objectiu d&#8217;entrar per les portes que <\/span><span style=\"font-weight: 400;\">obre <\/span><span style=\"font-weight: 400;\">el festival <\/span><span style=\"font-weight: 400;\">i descobrir el que hi ha.<\/span><\/p>\r\n<p>\r\n\r\n<\/p>\r\n<p>&nbsp;<\/p>\r\n<p>\r\n\r\n<\/p>\r\n<p>Amb <strong>195 activitats<\/strong> a 7 ciutats, 128 edificis nom\u00e9s a Barcelona, 18 itineraris, 40% de novetats, m\u00e9s de 45 edificis Open PRO i m\u00e9s de 20 habitatges privats, el festival ha emfasitzat que l\u2019arquitectura \u00e9s tots els <strong>elements<\/strong> i les peces que la materialitzen: finestra, balc\u00f3, passad\u00eds, llar de foc, escala, ascensor, columnes, arc, porta, instal\u00b7lacions, mobiliari\u2026<\/p>\r\n<p>\r\n\r\n<\/p>\r\n<p>El festival continua sent la foto fixa anual de la quals es despr\u00e8n el <strong>disseny de tend\u00e8ncies de present i futur<\/strong>, amb espais\u00a0com Bernad\u00ed, Viu Coworking Cohousing i Wikihousing.\u00a0A m\u00e9s a m\u00e9s, ha estat el fermall d\u2019or de l\u2019<strong>any Dom\u00e8nech i Montaner<\/strong>, del qual s\u2019ha pogut visitar ins\u00f2lites obres mestres com la casa Lle\u00f3-Morera o el Castell dels Tres Dragons.<\/p>\r\n\r\n\r\n\r\n<figure class=\"wp-block-gallery has-nested-images columns-default is-cropped wp-block-gallery-1 is-layout-flex wp-block-gallery-is-layout-flex\">\r\n<figure class=\"wp-block-image size-large\"><img loading=\"lazy\" decoding=\"async\" width=\"1024\" height=\"768\" data-id=\"47525\" class=\"wp-image-47525\" src=\"https:\/\/www.48hopenhousebarcelona.org\/wp-content\/uploads\/2023\/10\/TORRE-DE-LA-CREU-Monica-Barahona-2-1024x768.jpeg\" alt=\"\" srcset=\"https:\/\/www.48hopenhousebarcelona.org\/wp-content\/uploads\/2023\/10\/TORRE-DE-LA-CREU-Monica-Barahona-2-1024x768.jpeg 1024w, https:\/\/www.48hopenhousebarcelona.org\/wp-content\/uploads\/2023\/10\/TORRE-DE-LA-CREU-Monica-Barahona-2-300x225.jpeg 300w, https:\/\/www.48hopenhousebarcelona.org\/wp-content\/uploads\/2023\/10\/TORRE-DE-LA-CREU-Monica-Barahona-2-768x576.jpeg 768w, https:\/\/www.48hopenhousebarcelona.org\/wp-content\/uploads\/2023\/10\/TORRE-DE-LA-CREU-Monica-Barahona-2-1536x1152.jpeg 1536w, https:\/\/www.48hopenhousebarcelona.org\/wp-content\/uploads\/2023\/10\/TORRE-DE-LA-CREU-Monica-Barahona-2-1320x990.jpeg 1320w, https:\/\/www.48hopenhousebarcelona.org\/wp-content\/uploads\/2023\/10\/TORRE-DE-LA-CREU-Monica-Barahona-2-400x300.jpeg 400w, https:\/\/www.48hopenhousebarcelona.org\/wp-content\/uploads\/2023\/10\/TORRE-DE-LA-CREU-Monica-Barahona-2.jpeg 1600w\" sizes=\"auto, (max-width: 1024px) 100vw, 1024px\" \/><\/figure>\r\n\r\n\r\n\r\n<figure class=\"wp-block-image size-large\"><img loading=\"lazy\" decoding=\"async\" width=\"1024\" height=\"768\" data-id=\"47527\" class=\"wp-image-47527\" src=\"https:\/\/www.48hopenhousebarcelona.org\/wp-content\/uploads\/2023\/10\/CASA-MARSANS-Nuria-MarA\u00ad-1-1024x768.jpeg\" alt=\"\" srcset=\"https:\/\/www.48hopenhousebarcelona.org\/wp-content\/uploads\/2023\/10\/CASA-MARSANS-Nuria-MarA\u00ad-1-1024x768.jpeg 1024w, https:\/\/www.48hopenhousebarcelona.org\/wp-content\/uploads\/2023\/10\/CASA-MARSANS-Nuria-MarA\u00ad-1-300x225.jpeg 300w, https:\/\/www.48hopenhousebarcelona.org\/wp-content\/uploads\/2023\/10\/CASA-MARSANS-Nuria-MarA\u00ad-1-768x576.jpeg 768w, https:\/\/www.48hopenhousebarcelona.org\/wp-content\/uploads\/2023\/10\/CASA-MARSANS-Nuria-MarA\u00ad-1-1536x1152.jpeg 1536w, https:\/\/www.48hopenhousebarcelona.org\/wp-content\/uploads\/2023\/10\/CASA-MARSANS-Nuria-MarA\u00ad-1-1320x990.jpeg 1320w, https:\/\/www.48hopenhousebarcelona.org\/wp-content\/uploads\/2023\/10\/CASA-MARSANS-Nuria-MarA\u00ad-1-400x300.jpeg 400w, https:\/\/www.48hopenhousebarcelona.org\/wp-content\/uploads\/2023\/10\/CASA-MARSANS-Nuria-MarA\u00ad-1.jpeg 1600w\" sizes=\"auto, (max-width: 1024px) 100vw, 1024px\" \/><\/figure>\r\n\r\n\r\n\r\n<figure class=\"wp-block-image size-large\"><img loading=\"lazy\" decoding=\"async\" width=\"1024\" height=\"768\" data-id=\"47582\" class=\"wp-image-47582\" src=\"https:\/\/www.48hopenhousebarcelona.org\/wp-content\/uploads\/2023\/11\/HABITATGE-OASI-Marta-Piera-1024x768.jpeg\" alt=\"\" srcset=\"https:\/\/www.48hopenhousebarcelona.org\/wp-content\/uploads\/2023\/11\/HABITATGE-OASI-Marta-Piera-1024x768.jpeg 1024w, https:\/\/www.48hopenhousebarcelona.org\/wp-content\/uploads\/2023\/11\/HABITATGE-OASI-Marta-Piera-300x225.jpeg 300w, https:\/\/www.48hopenhousebarcelona.org\/wp-content\/uploads\/2023\/11\/HABITATGE-OASI-Marta-Piera-768x576.jpeg 768w, https:\/\/www.48hopenhousebarcelona.org\/wp-content\/uploads\/2023\/11\/HABITATGE-OASI-Marta-Piera-1536x1152.jpeg 1536w, https:\/\/www.48hopenhousebarcelona.org\/wp-content\/uploads\/2023\/11\/HABITATGE-OASI-Marta-Piera-1320x990.jpeg 1320w, https:\/\/www.48hopenhousebarcelona.org\/wp-content\/uploads\/2023\/11\/HABITATGE-OASI-Marta-Piera-400x300.jpeg 400w, https:\/\/www.48hopenhousebarcelona.org\/wp-content\/uploads\/2023\/11\/HABITATGE-OASI-Marta-Piera.jpeg 1600w\" sizes=\"auto, (max-width: 1024px) 100vw, 1024px\" \/><\/figure>\r\n<\/figure>\r\n\r\n\r\n\r\n<p><strong>Concursos del 48h Open House BCN 2023.<\/strong><\/p>\r\n\r\n\r\n\r\n<p>Fins al 5 de novembre, encara es pot participar en els concursos d&#8217;aquesta edici\u00f3: <a href=\"https:\/\/www.48hopenhousebarcelona.org\/es\/opengram-premio-silvia-contreras-23\/\">Opengram<\/a> i <a href=\"https:\/\/www.48hopenhousebarcelona.org\/es\/open-foto-premio-josep-llobet\/\">Open Foto<\/a> sobre la tem\u00e0tica de l&#8217;any, <strong>els elements que conformen l\u2019arquitectura<\/strong>.<\/p>\r\n\r\n\r\n\r\n<p>La convocat\u00f2ria al Open Sketch ha estat un \u00e8xit, amb m\u00e9s de 220 persones que han recorregut els edificis de l&#8217;Escola Industrial: Edifici del Rellotge, Escola del Treball i Paranimf.<\/p>\r\n\r\n\r\n\r\n<figure class=\"wp-block-gallery has-nested-images columns-default is-cropped wp-block-gallery-2 is-layout-flex wp-block-gallery-is-layout-flex\">\r\n<figure class=\"wp-block-image size-large\"><img loading=\"lazy\" decoding=\"async\" width=\"1023\" height=\"768\" data-id=\"47531\" class=\"wp-image-47531\" src=\"https:\/\/www.48hopenhousebarcelona.org\/wp-content\/uploads\/2023\/10\/OHB23_1.jpg\" alt=\"\" srcset=\"https:\/\/www.48hopenhousebarcelona.org\/wp-content\/uploads\/2023\/10\/OHB23_1.jpg 1023w, https:\/\/www.48hopenhousebarcelona.org\/wp-content\/uploads\/2023\/10\/OHB23_1-300x225.jpg 300w, https:\/\/www.48hopenhousebarcelona.org\/wp-content\/uploads\/2023\/10\/OHB23_1-768x577.jpg 768w, https:\/\/www.48hopenhousebarcelona.org\/wp-content\/uploads\/2023\/10\/OHB23_1-400x300.jpg 400w\" sizes=\"auto, (max-width: 1023px) 100vw, 1023px\" \/><\/figure>\r\n\r\n\r\n\r\n<figure class=\"wp-block-image size-large\"><img loading=\"lazy\" decoding=\"async\" width=\"1024\" height=\"768\" data-id=\"47533\" class=\"wp-image-47533\" src=\"https:\/\/www.48hopenhousebarcelona.org\/wp-content\/uploads\/2023\/10\/PHOTO-2023-10-22-15-37-09-1024x768.jpg\" alt=\"\" srcset=\"https:\/\/www.48hopenhousebarcelona.org\/wp-content\/uploads\/2023\/10\/PHOTO-2023-10-22-15-37-09-1024x768.jpg 1024w, https:\/\/www.48hopenhousebarcelona.org\/wp-content\/uploads\/2023\/10\/PHOTO-2023-10-22-15-37-09-300x225.jpg 300w, https:\/\/www.48hopenhousebarcelona.org\/wp-content\/uploads\/2023\/10\/PHOTO-2023-10-22-15-37-09-768x576.jpg 768w, https:\/\/www.48hopenhousebarcelona.org\/wp-content\/uploads\/2023\/10\/PHOTO-2023-10-22-15-37-09-1536x1152.jpg 1536w, https:\/\/www.48hopenhousebarcelona.org\/wp-content\/uploads\/2023\/10\/PHOTO-2023-10-22-15-37-09-1320x990.jpg 1320w, https:\/\/www.48hopenhousebarcelona.org\/wp-content\/uploads\/2023\/10\/PHOTO-2023-10-22-15-37-09-400x300.jpg 400w, https:\/\/www.48hopenhousebarcelona.org\/wp-content\/uploads\/2023\/10\/PHOTO-2023-10-22-15-37-09.jpg 1600w\" sizes=\"auto, (max-width: 1024px) 100vw, 1024px\" \/><\/figure>\r\n\r\n\r\n\r\n<figure class=\"wp-block-image size-large\"><img loading=\"lazy\" decoding=\"async\" width=\"768\" height=\"1024\" data-id=\"47535\" class=\"wp-image-47535\" src=\"https:\/\/www.48hopenhousebarcelona.org\/wp-content\/uploads\/2023\/10\/PHOTO-2023-10-22-15-37-07-768x1024.jpg\" alt=\"\" srcset=\"https:\/\/www.48hopenhousebarcelona.org\/wp-content\/uploads\/2023\/10\/PHOTO-2023-10-22-15-37-07-768x1024.jpg 768w, https:\/\/www.48hopenhousebarcelona.org\/wp-content\/uploads\/2023\/10\/PHOTO-2023-10-22-15-37-07-225x300.jpg 225w, https:\/\/www.48hopenhousebarcelona.org\/wp-content\/uploads\/2023\/10\/PHOTO-2023-10-22-15-37-07-1152x1536.jpg 1152w, https:\/\/www.48hopenhousebarcelona.org\/wp-content\/uploads\/2023\/10\/PHOTO-2023-10-22-15-37-07-400x533.jpg 400w, https:\/\/www.48hopenhousebarcelona.org\/wp-content\/uploads\/2023\/10\/PHOTO-2023-10-22-15-37-07.jpg 1200w\" sizes=\"auto, (max-width: 768px) 100vw, 768px\" \/><\/figure>\r\n<\/figure>\r\n","protected":false},"excerpt":{"rendered":"<p>M\u00e9s de 76.500 persones <\/p>\n","protected":false},"author":26,"featured_media":47585,"comment_status":"closed","ping_status":"closed","sticky":false,"template":"","format":"standard","meta":{"_acf_changed":false,"footnotes":""},"categories":[1017],"tags":[],"class_list":["post-47504","post","type-post","status-publish","format-standard","has-post-thumbnail","hentry","category-festival"],"acf":[],"_links":{"self":[{"href":"https:\/\/www.48hopenhousebarcelona.org\/ca\/wp-json\/wp\/v2\/posts\/47504","targetHints":{"allow":["GET"]}}],"collection":[{"href":"https:\/\/www.48hopenhousebarcelona.org\/ca\/wp-json\/wp\/v2\/posts"}],"about":[{"href":"https:\/\/www.48hopenhousebarcelona.org\/ca\/wp-json\/wp\/v2\/types\/post"}],"author":[{"embeddable":true,"href":"https:\/\/www.48hopenhousebarcelona.org\/ca\/wp-json\/wp\/v2\/users\/26"}],"replies":[{"embeddable":true,"href":"https:\/\/www.48hopenhousebarcelona.org\/ca\/wp-json\/wp\/v2\/comments?post=47504"}],"version-history":[{"count":20,"href":"https:\/\/www.48hopenhousebarcelona.org\/ca\/wp-json\/wp\/v2\/posts\/47504\/revisions"}],"predecessor-version":[{"id":47553,"href":"https:\/\/www.48hopenhousebarcelona.org\/ca\/wp-json\/wp\/v2\/posts\/47504\/revisions\/47553"}],"wp:featuredmedia":[{"embeddable":true,"href":"https:\/\/www.48hopenhousebarcelona.org\/ca\/wp-json\/wp\/v2\/media\/47585"}],"wp:attachment":[{"href":"https:\/\/www.48hopenhousebarcelona.org\/ca\/wp-json\/wp\/v2\/media?parent=47504"}],"wp:term":[{"taxonomy":"category","embeddable":true,"href":"https:\/\/www.48hopenhousebarcelona.org\/ca\/wp-json\/wp\/v2\/categories?post=47504"},{"taxonomy":"post_tag","embeddable":true,"href":"https:\/\/www.48hopenhousebarcelona.org\/ca\/wp-json\/wp\/v2\/tags?post=47504"}],"curies":[{"name":"wp","href":"https:\/\/api.w.org\/{rel}","templated":true}]}}