{"id":48452,"date":"2024-04-22T10:19:26","date_gmt":"2024-04-22T10:19:26","guid":{"rendered":"https:\/\/www.48hopenhousebarcelona.org\/?p=48452"},"modified":"2024-07-16T10:06:38","modified_gmt":"2024-07-16T10:06:38","slug":"espais-ocults-2024","status":"publish","type":"post","link":"https:\/\/www.48hopenhousebarcelona.org\/ca\/espais-ocults-2024\/","title":{"rendered":"ESPAIS OCULTS 2024"},"content":{"rendered":"\r\n<h2 class=\"wp-block-heading\">ESPAIS OCULTS \/ TEMPUS FUGIT: EXPOSICI\u00d3 UNIVERSAL 1888<\/h2>\r\n\r\n\r\n\r\n<p>ESPAIS OCULTS \u00e9s un projecte basat en la difusi\u00f3 del patrimoni hist\u00f2ric de la ciutat de Barcelona, amb l&#8217;objectiu de <strong>posar en valor espais desconeguts i inaccessibles<\/strong> i fer-los visibles al p\u00fablic durant les <a href=\"https:\/\/www.barcelona.cat\/setmanesarquitectura\/ca\" target=\"_blank\" rel=\"noreferrer noopener\">Setmanes d&#8217;Arquitectura<\/a>. El format d\u2019aquestes jornades de patrimoni consisteix en<strong> visites guiades, de la m\u00e0 d\u2019experts<\/strong>, a una selecci\u00f3 d\u2019espais singulars amb una explicaci\u00f3 hist\u00f2rica i arquitect\u00f2nica de cadascun. Creiem fermament que fomentar l\u2019\u00fas cultural i l\u00fadic de l\u2019espai urb\u00e0 des d\u2019un esdeveniment com aquest afavoreix la identitat personal i col\u00b7lectiva. A m\u00e9s, es fomenta el coneixement responsable del patrimoni i es posa en valor la professi\u00f3 dels equips d\u2019obra. Per primera vegada, els ESPAIS OCULTS compartiran un tema com\u00fa, <strong>l&#8217;Exposici\u00f3 Universal de 1888<\/strong>. En aquesta 6a edici\u00f3, la selecci\u00f3 d\u2019edificis busca endinsar-nos en una zona concreta de la ciutat: el Parc de la Ciutadella i els seus voltants. Sota el lema &#8220;TEMPUS FUGIT: EXPOSICI\u00d3 UNIVERSAL 1888&#8221;, <strong>del 21 de maig al 28 de juny<\/strong> es podran visitar 10 espais ocults que permetran entendre el pas del temps en aquest recinte i com s\u2019han adaptat, o no, als grans canvis que hi han ocorregut.<\/p>\r\n<p><strong>TORN 1<\/strong><\/p>\r\n<ul>\r\n<li>Parlament de Catalunya<\/li>\r\n<\/ul>\r\n<div class=\"page\" title=\"Page 14\">\r\n<div class=\"section\">\r\n<div class=\"layoutArea\">\r\n<div class=\"column\">\r\n<ul>\r\n<li style=\"list-style-type: none;\">\r\n<ul>\r\n<li>\r\n<p>Dimarts 21 de maig, a les 13 i a les 18 h.<\/p>\r\n<\/li>\r\n<li>\r\n<p>Dimecres 22 de maig, a les 13 i a les 18 h.<\/p>\r\n<\/li>\r\n<li>\r\n<p>Dijous 23 de maig, a les 13 i a les 18 h.<\/p>\r\n<\/li>\r\n<\/ul>\r\n<\/li>\r\n<\/ul>\r\n<\/div>\r\n<\/div>\r\n<\/div>\r\n<\/div>\r\n<ul>\r\n<li>Cavallerisses de la Gu\u00e0rdia Urbana<\/li>\r\n<\/ul>\r\n<div class=\"page\" title=\"Page 14\">\r\n<div class=\"section\">\r\n<div class=\"layoutArea\">\r\n<div class=\"column\">\r\n<ul>\r\n<li style=\"list-style-type: none;\">\r\n<ul>\r\n<li>\r\n<p>Dijous 23 de maig, a les 11 i a les 12 h.<\/p>\r\n<\/li>\r\n<li>\r\n<p>Divendres 24 de maig, a les 17 i a les 18 h.<\/p>\r\n<\/li>\r\n<li>\r\n<p>Dissabte 25 de maig, a les 11 i a les 12 h.<\/p>\r\n<\/li>\r\n<\/ul>\r\n<\/li>\r\n<\/ul>\r\n<\/div>\r\n<\/div>\r\n<\/div>\r\n<\/div>\r\n<ul>\r\n<li>Cascada de la Ciutadella<\/li>\r\n<\/ul>\r\n<div class=\"page\" title=\"Page 14\">\r\n<div class=\"section\">\r\n<div class=\"layoutArea\">\r\n<div class=\"column\">\r\n<ul>\r\n<li style=\"list-style-type: none;\">\r\n<ul>\r\n<li>\r\n<p>Dimecres 29 de maig, a les 17 i a les 18 h.<\/p>\r\n<\/li>\r\n<li>\r\n<p>Dijous 30 de maig, a les 17 i a les 18 h.<\/p>\r\n<\/li>\r\n<li>\r\n<p>Divendres 31 de maig a les 11 h.<\/p>\r\n<\/li>\r\n<\/ul>\r\n<\/li>\r\n<\/ul>\r\n<\/div>\r\n<\/div>\r\n<\/div>\r\n<\/div>\r\n<ul>\r\n<li>Arc de Triomf<\/li>\r\n<\/ul>\r\n<div class=\"page\" title=\"Page 14\">\r\n<div class=\"section\">\r\n<div class=\"layoutArea\">\r\n<div class=\"column\">\r\n<ul>\r\n<li style=\"list-style-type: none;\">\r\n<ul>\r\n<li>\r\n<p>Dimecres 5 de juny, a les 17 i a les 18 h.<\/p>\r\n<\/li>\r\n<li>\r\n<p>Dijous 6 de juny, a les 17 i a les 18 h.<\/p>\r\n<\/li>\r\n<li>\r\n<p>Divendres 7 de juny a les 11 i a les 12 h.<\/p>\r\n<\/li>\r\n<\/ul>\r\n<\/li>\r\n<\/ul>\r\n<\/div>\r\n<\/div>\r\n<\/div>\r\n<\/div>\r\n<p><strong>TORN 2<\/strong><\/p>\r\n<ul>\r\n<li>Museu Martorell<\/li>\r\n<\/ul>\r\n<div class=\"page\" title=\"Page 14\">\r\n<div class=\"section\">\r\n<div class=\"layoutArea\">\r\n<div class=\"column\">\r\n<ul>\r\n<li style=\"list-style-type: none;\">\r\n<ul>\r\n<li>\r\n<p>Dijous 6 de juny, a les 14, 16 i 18 h.<\/p>\r\n<\/li>\r\n<li>\r\n<p>Divendres 7 de juny, a les 14, 16 i 18 h.<\/p>\r\n<\/li>\r\n<\/ul>\r\n<\/li>\r\n<\/ul>\r\n<\/div>\r\n<\/div>\r\n<\/div>\r\n<\/div>\r\n<ul>\r\n<li>Institut Verdaguer<\/li>\r\n<\/ul>\r\n<div class=\"page\" title=\"Page 14\">\r\n<div class=\"section\">\r\n<div class=\"layoutArea\">\r\n<div class=\"column\">\r\n<ul>\r\n<li style=\"list-style-type: none;\">\r\n<ul>\r\n<li>\r\n<p>Dijous 13 de juny, a les 10:30, 11:30 i 12:30 h.<\/p>\r\n<\/li>\r\n<li>\r\n<p>Divendres 14 de juny, a les 16, 17 i 18 h. <strong>(17h visita amb int\u00e8rpret en LSC)<\/strong><\/p>\r\n<\/li>\r\n<\/ul>\r\n<\/li>\r\n<\/ul>\r\n<\/div>\r\n<\/div>\r\n<\/div>\r\n<\/div>\r\n<ul>\r\n<li>Hivernacle de la Ciutadella<\/li>\r\n<\/ul>\r\n<div class=\"page\" title=\"Page 14\">\r\n<div class=\"section\">\r\n<div class=\"layoutArea\">\r\n<div class=\"column\">\r\n<ul>\r\n<li style=\"list-style-type: none;\">\r\n<ul>\r\n<li>\r\n<p>Divendres 14 de juny, a les 15:30, 16:30 i 18 h.<\/p>\r\n<\/li>\r\n<\/ul>\r\n<\/li>\r\n<\/ul>\r\n<\/div>\r\n<\/div>\r\n<\/div>\r\n<\/div>\r\n<ul>\r\n<li>Castell dels Tres Dragons<\/li>\r\n<\/ul>\r\n<div class=\"page\" title=\"Page 14\">\r\n<div class=\"section\">\r\n<div class=\"layoutArea\">\r\n<div class=\"column\">\r\n<ul>\r\n<li style=\"list-style-type: none;\">\r\n<ul>\r\n<li>\r\n<p>Dissabte 15 de juny, a les 11, 14 i 18 h.<\/p>\r\n<\/li>\r\n<li>\r\n<p>Diumenge 16 de juny, a les 11, 14 i 18 h.<\/p>\r\n<\/li>\r\n<\/ul>\r\n<\/li>\r\n<\/ul>\r\n<\/div>\r\n<\/div>\r\n<\/div>\r\n<\/div>\r\n<ul>\r\n<li>Umbracle de la Ciutadella<\/li>\r\n<\/ul>\r\n<div class=\"page\" title=\"Page 14\">\r\n<div class=\"section\">\r\n<div class=\"layoutArea\">\r\n<div class=\"column\">\r\n<ul>\r\n<li style=\"list-style-type: none;\">\r\n<ul>\r\n<li>\r\n<p>Dimarts 25 de juny, a les 10 i 11:30 h.<\/p>\r\n<\/li>\r\n<li>\r\n<p>Dimecres 26 de juny, a les 16 i 17 h.<\/p>\r\n<\/li>\r\n<li>\r\n<p>Divendres 28 de juny, a les 16 i 17 h.<\/p>\r\n<\/li>\r\n<\/ul>\r\n<\/li>\r\n<\/ul>\r\n<\/div>\r\n<\/div>\r\n<\/div>\r\n<\/div>\r\n<ul>\r\n<li>Dip\u00f2sit de les aig\u00fces<\/li>\r\n<\/ul>\r\n<div class=\"page\" title=\"Page 14\">\r\n<div class=\"section\">\r\n<div class=\"layoutArea\">\r\n<div class=\"column\">\r\n<ul>\r\n<li style=\"list-style-type: none;\">\r\n<ul>\r\n<li>Dimecres 26 de juny, a les 10 i 11:30 h.<\/li>\r\n<li>\r\n<p>Dijous 27 de juny, a les 10 i 11:30 h.<\/p>\r\n<\/li>\r\n<\/ul>\r\n<\/li>\r\n<\/ul>\r\n<\/div>\r\n<\/div>\r\n<\/div>\r\n<\/div>\r\n<p>Per a participar a les activitats \u00e9s imprescindible <a href=\"https:\/\/www.eventbrite.es\/o\/48h-open-house-bcn-17785195955\">realitzar inscripci\u00f3 pr\u00e8via<\/a>, que es far\u00e0 en dos torns: <br \/><strong>1 torn: 7 de maig a les 13h \/ ENTRADES ESGOTADES<\/strong><br \/><strong>2 torn: 3 de juny a les 13h \/ ENTRADES ESGOTADES<\/strong><\/p>\r\n<p>Es poden consultar els espais en la pr\u00f2pia web de <a class=\"md-btn button shortcode_button uk-light\" href=\"http:\/\/espaisocults.openhousebarcelona.org\/\">ESPAIS OCULTS<\/a><\/p>\r\n\r\n\r\n","protected":false},"excerpt":{"rendered":"<p>amb l&#8217;objectiu de posar en valor espais desconeguts i inaccessibles<\/p>\n","protected":false},"author":2,"featured_media":42327,"comment_status":"closed","ping_status":"closed","sticky":false,"template":"","format":"standard","meta":{"_acf_changed":false,"footnotes":""},"categories":[210],"tags":[],"class_list":["post-48452","post","type-post","status-publish","format-standard","has-post-thumbnail","hentry","category-espais-ocults"],"acf":[],"_links":{"self":[{"href":"https:\/\/www.48hopenhousebarcelona.org\/ca\/wp-json\/wp\/v2\/posts\/48452","targetHints":{"allow":["GET"]}}],"collection":[{"href":"https:\/\/www.48hopenhousebarcelona.org\/ca\/wp-json\/wp\/v2\/posts"}],"about":[{"href":"https:\/\/www.48hopenhousebarcelona.org\/ca\/wp-json\/wp\/v2\/types\/post"}],"author":[{"embeddable":true,"href":"https:\/\/www.48hopenhousebarcelona.org\/ca\/wp-json\/wp\/v2\/users\/2"}],"replies":[{"embeddable":true,"href":"https:\/\/www.48hopenhousebarcelona.org\/ca\/wp-json\/wp\/v2\/comments?post=48452"}],"version-history":[{"count":24,"href":"https:\/\/www.48hopenhousebarcelona.org\/ca\/wp-json\/wp\/v2\/posts\/48452\/revisions"}],"predecessor-version":[{"id":49249,"href":"https:\/\/www.48hopenhousebarcelona.org\/ca\/wp-json\/wp\/v2\/posts\/48452\/revisions\/49249"}],"wp:featuredmedia":[{"embeddable":true,"href":"https:\/\/www.48hopenhousebarcelona.org\/ca\/wp-json\/wp\/v2\/media\/42327"}],"wp:attachment":[{"href":"https:\/\/www.48hopenhousebarcelona.org\/ca\/wp-json\/wp\/v2\/media?parent=48452"}],"wp:term":[{"taxonomy":"category","embeddable":true,"href":"https:\/\/www.48hopenhousebarcelona.org\/ca\/wp-json\/wp\/v2\/categories?post=48452"},{"taxonomy":"post_tag","embeddable":true,"href":"https:\/\/www.48hopenhousebarcelona.org\/ca\/wp-json\/wp\/v2\/tags?post=48452"}],"curies":[{"name":"wp","href":"https:\/\/api.w.org\/{rel}","templated":true}]}}