{"id":53758,"date":"2025-04-23T11:07:51","date_gmt":"2025-04-23T11:07:51","guid":{"rendered":"https:\/\/www.48hopenhousebarcelona.org\/?p=53758"},"modified":"2025-08-04T08:23:38","modified_gmt":"2025-08-04T08:23:38","slug":"espais-ocults-2025","status":"publish","type":"post","link":"https:\/\/www.48hopenhousebarcelona.org\/ca\/espais-ocults-2025\/","title":{"rendered":"ESPAIS OCULTS 2025"},"content":{"rendered":"\r\n<h2 class=\"wp-block-heading\">ESPAIS OCULTS \/ TEMPUS FUGIT: EXPOSICI\u00d3 INTERNACIONAL 1929<\/h2>\r\n\r\n\r\n\r\n<p>ESPAIS OCULTS \u00e9s un projecte basat en la difusi\u00f3 del patrimoni hist\u00f2ric de la ciutat de Barcelona, amb l&#8217;objectiu de <strong>posar en valor espais desconeguts i inaccessibles<\/strong> i fer-los visibles al p\u00fablic durant les <a href=\"https:\/\/www.barcelona.cat\/setmanesarquitectura\/ca\" target=\"_blank\" rel=\"noreferrer noopener\">Setmanes d&#8217;Arquitectura<\/a>. El format d\u2019aquestes jornades de patrimoni consisteix en<strong> visites guiades, de la m\u00e0 d\u2019experts<\/strong>, a una selecci\u00f3 d\u2019espais singulars amb una explicaci\u00f3 hist\u00f2rica i arquitect\u00f2nica de cadascun. L\u2019associaci\u00f3 busca, d\u2019aquesta forma, fomentar el coneixement responsable del patrimoni i posar en valor la tasca de conservaci\u00f3 i manteniment dels espais amagats de la ciutat.<\/p>\r\n<p>En aquesta edici\u00f3, la selecci\u00f3 d\u2019edificis tornar\u00e0 a estar centrada en una zona emblem\u00e0tica de la ciutat i en el marc d&#8217;un aconteixement hist\u00f2ric. Sota el lema <strong>TEMPUS FUGIT: EXPOSICI\u00d3 INTERNACIONAL 1929<\/strong>, els Espais Ocults aterren a Montju\u00efc per descobrir 8 espais singulars que permetran entendre l\u2019evoluci\u00f3 d\u2019aquest entorn i com s\u2019ha transformat al llarg del temps.<\/p>\r\n<p><strong>Per a participar a les activitats \u00e9s imprescindible <a href=\"https:\/\/www.eventbrite.es\/o\/48h-open-house-bcn-17785195955\" target=\"_blank\" rel=\"noopener\">realitzar inscripci\u00f3 pr\u00e8via<\/a>\u00a0a partir de les 18h del dilluns 26 de maig.<\/strong><\/p>\r\n<p>&nbsp;<\/p>\r\n<p><strong>1. Antic Palau Nacional <span style=\"color: #ff0000;\">-ENTRADES EXHAURIDES<\/span><\/strong><br \/>Redescobrint l&#8217;edifici principal de l&#8217;Exposici\u00f3<br \/>Palau Nacional, Parc de Montju\u00efc, s\/n, 08038 Barcelona<br \/>Dia 3 de juny, visita a les 17 h, i dia 5 de juny, visita a les 11 h<\/p>\r\n<p><br \/><strong>2. Masia del Jard\u00ed Bot\u00e0nic Hist\u00f2ric <span style=\"color: #ff0000;\">-ENTRADES EXHAURIDES<\/span><\/strong><br \/>La masia amagada de Montju\u00efc<br \/>Av. dels Montanyans, 40, Sants-Montju\u00efc, 08038 Barcelona<br \/>Dies 12, 13 i 14 de juny, visites a les 16 i 17 h<\/p>\r\n<p><br \/><strong>3. Arxiu del Museu de les Arts Esc\u00e8niques de l&#8217;Institut del Teatre <span style=\"color: #ff0000;\">-ENTRADES EXHAURIDES<\/span><\/strong><br \/>Darrere del tel\u00f3: arxiu i mem\u00f2ria esc\u00e8nica<br \/>Pla\u00e7a Margarida Xirgu, s\/n Institut del Teatre, 08004 Barcelona<br \/>Dies 3 i 4 de juny, a les 16, 17 i 18 h<\/p>\r\n<p><br \/><strong>4. Torres Venecianes <span style=\"color: #ff0000;\">-ENTRADES EXHAURIDES<\/span><\/strong><br \/>Visita en profunditat a un cl\u00e0ssic Open House BCN<br \/>Av. de la Reina Maria Cristina \/ Pla\u00e7a d\u2019Espanya<br \/>Dia 4 de juny, visites a les 11, 12 i 13 h, i dia 5 de juny, visites a les 16, 17 i 18 h<\/p>\r\n<p><br \/><strong>5. Casa de la Premsa <span style=\"color: #ff0000;\">-ENTRADES EXHAURIDES<\/span><\/strong><br \/>Periodisme i propaganda a Montju\u00efc<br \/>Av. Rius i Taulet, 5 (Sants-Montju\u00efc)<br \/>Dies 7 i 8 de juny, visites a les 11, 12 i 13 h<\/p>\r\n<p><br \/><strong>6. Antic Palau de les Arts Gr\u00e0fiques <span style=\"color: #ff0000;\">-ENTRADES EXHAURIDES<\/span><\/strong><br \/>Del disseny impr\u00e8s a l\u2019arqueologia<br \/>Passeig de Santa Madrona, 37, 43 1, Sants-Montju\u00efc, 08038 Barcelona<br \/>Dia 3 de juny, visites a les 11 i 12.30 h, i dies 10 i 11 de juny, visites a les 16.30 i 18 h<\/p>\r\n<p><br \/><strong>7. Galeria t\u00e8cnica cascades Maria Cristina <span style=\"color: #ff0000;\">-ENTRADES EXHAURIDES<\/span><\/strong><br \/>L\u2019enginyeria amagada sota les cascades<br \/>Av. dels Montanyans, 40, Sants-Montju\u00efc, 08038 Barcelona<br \/>Dies 3, 5, 10 i 12 de juny, al mat\u00ed<\/p>\r\n<p><br \/>8. Pavell\u00f3 Mies Van der Rohe<strong>*<\/strong><br \/>Arquitectura moderna oberta als sentits. <strong>Visita adaptada per a persones amb discapacitat visual<\/strong><br \/>Av. de Francesc Ferrer i Gu\u00e0rdia, 7, 08038 Barcelona<br \/>Dissabte 14 de juny<\/p>\r\n<p><span style=\"font-weight: 400;\"><br \/>Per a participar a les activitats \u00e9s imprescindible realitzar <a href=\"https:\/\/www.eventbrite.es\/o\/48h-open-house-bcn-17785195955\" target=\"_blank\" rel=\"noopener\"><strong>inscripci\u00f3 pr\u00e8via<\/strong>\u00a0a trav\u00e9s de la plataforma Eventbrite<\/a>, <strong>a partir del dilluns 26 de maig a les 18h<\/strong>.<\/span><\/p>\r\n<p><span style=\"font-weight: 400;\">Per motius de seguretat les visites sols podran ser realitzades per <strong>majors de 12 anys<\/strong>. Es podran adquirir 3 entrades per inscripci\u00f3, cada una amb un cost de 5\u20ac.\u00a0<\/span><\/p>\r\n<p style=\"text-align: left;\">Es poden consultar els espais en la pr\u00f2pia web de: <a class=\"md-btn button shortcode_button uk-light\" href=\"https:\/\/espaisocults.openhousebarcelona.org\/2025\/\">ESPAIS OCULTS 2025<\/a><\/p>\r\n<p style=\"text-align: center;\">Edicions anteriors: <a class=\"md-btn button shortcode_button uk-light\" href=\"https:\/\/espaisocults.openhousebarcelona.org\/\">ESPAIS OCULTS<\/a><\/p>\r\n\r\n\r\n","protected":false},"excerpt":{"rendered":"<p>Difusi\u00f3 del patrimoni hist\u00f2ric de la ciutat de Barcelona, amb l\u2019objectiu de posar en valor espais desconeguts i inaccessibles i fer-los visibles al p\u00fablic durant les Setmanes d\u2019Arquitectura. Celebrat al passat juny.<\/p>\n","protected":false},"author":26,"featured_media":42327,"comment_status":"closed","ping_status":"closed","sticky":false,"template":"","format":"standard","meta":{"_acf_changed":false,"footnotes":""},"categories":[210,864],"tags":[],"class_list":["post-53758","post","type-post","status-publish","format-standard","has-post-thumbnail","hentry","category-espais-ocults","category-setmana-de-larquitectura"],"acf":[],"_links":{"self":[{"href":"https:\/\/www.48hopenhousebarcelona.org\/ca\/wp-json\/wp\/v2\/posts\/53758","targetHints":{"allow":["GET"]}}],"collection":[{"href":"https:\/\/www.48hopenhousebarcelona.org\/ca\/wp-json\/wp\/v2\/posts"}],"about":[{"href":"https:\/\/www.48hopenhousebarcelona.org\/ca\/wp-json\/wp\/v2\/types\/post"}],"author":[{"embeddable":true,"href":"https:\/\/www.48hopenhousebarcelona.org\/ca\/wp-json\/wp\/v2\/users\/26"}],"replies":[{"embeddable":true,"href":"https:\/\/www.48hopenhousebarcelona.org\/ca\/wp-json\/wp\/v2\/comments?post=53758"}],"version-history":[{"count":27,"href":"https:\/\/www.48hopenhousebarcelona.org\/ca\/wp-json\/wp\/v2\/posts\/53758\/revisions"}],"predecessor-version":[{"id":54489,"href":"https:\/\/www.48hopenhousebarcelona.org\/ca\/wp-json\/wp\/v2\/posts\/53758\/revisions\/54489"}],"wp:featuredmedia":[{"embeddable":true,"href":"https:\/\/www.48hopenhousebarcelona.org\/ca\/wp-json\/wp\/v2\/media\/42327"}],"wp:attachment":[{"href":"https:\/\/www.48hopenhousebarcelona.org\/ca\/wp-json\/wp\/v2\/media?parent=53758"}],"wp:term":[{"taxonomy":"category","embeddable":true,"href":"https:\/\/www.48hopenhousebarcelona.org\/ca\/wp-json\/wp\/v2\/categories?post=53758"},{"taxonomy":"post_tag","embeddable":true,"href":"https:\/\/www.48hopenhousebarcelona.org\/ca\/wp-json\/wp\/v2\/tags?post=53758"}],"curies":[{"name":"wp","href":"https:\/\/api.w.org\/{rel}","templated":true}]}}