{"id":53858,"date":"2025-05-08T12:09:17","date_gmt":"2025-05-08T12:09:17","guid":{"rendered":"https:\/\/www.48hopenhousebarcelona.org\/?p=53858"},"modified":"2025-08-04T08:25:11","modified_gmt":"2025-08-04T08:25:11","slug":"musica-x-arquitectura-a-casa-montjuic","status":"publish","type":"post","link":"https:\/\/www.48hopenhousebarcelona.org\/ca\/musica-x-arquitectura-a-casa-montjuic\/","title":{"rendered":"M\u00daSICA x ARQUITECTURA A CASA MONTJU\u00cfC"},"content":{"rendered":"\r\n<p>L\u2019esdeveniment d&#8217;enguany de M\u00fasica x Arquitectura es va celebrar el <strong>24 de maig\u00a0 a <a href=\"http:\/\/www.casamontjuic.com\/ca\/\" target=\"_blank\" rel=\"noopener\">Casa Montju\u00efc<\/a><\/strong>, \u00a0Carrer de Vila i Vil\u00e0 65 Barcelona, amb la presentaci\u00f3 dels v\u00eddeos finalistes i dels 4 guanyadors del concurs de MxA-V\u00eddeo i el concert dels artistes de la convocat\u00f2ria de MxA-Concert: Camile Duhart i Nicol\u00e1s Melmann.<\/p>\r\n\r\n\r\n<a class=\"md-btn button shortcode_button uk-light\" href=\"https:\/\/filmfreeway.com\/MusicaxArquitecturaOpenHouseBarcelona\/photos\/album\/167848\">Fotografies de l\u2019esdeveniment<\/a>\n\r\n\r\n<a class=\"md-btn button shortcode_button uk-light\" href=\"https:\/\/www.48hopenhousebarcelona.org\/wp-content\/uploads\/2025\/05\/MxA_2025.pdf\">Programa<\/a>\n\r\n\r\n<hr class=\"wp-block-separator has-alpha-channel-opacity\" \/>\r\n\r\n\r\n<p><strong>MxA-V\u00cdDEO: FINALISTES<\/strong><\/p>\r\n\r\n\r\n\r\n<div class=\"wp-block-columns is-layout-flex wp-container-core-columns-is-layout-9d6595d7 wp-block-columns-is-layout-flex\">\r\n<div class=\"wp-block-column is-layout-flow wp-block-column-is-layout-flow\">\r\n<p>\u00c0 TAULA. A DIALOGUE BETWEEN LIGHT, FOOD, LOVE AND ARCHITECTURE<br \/>\u00c0ngels I. Florea Jauset &#8211; directora<\/p>\r\n\r\n\r\n\r\n<p>METAMORPHOSIS<br \/>P\u00e9tur J\u00f3nsson &#8211; director<\/p>\r\n\r\n\r\n\r\n<p>ORANGEBOX<br \/>Shoayb Khattab &#8211; director<\/p>\r\n<\/div>\r\n\r\n\r\n\r\n<div class=\"wp-block-column is-layout-flow wp-block-column-is-layout-flow\">\r\n<p>TITLI\u2019S TEA TALES: JOLLY JAUNTS THROUGH PENNYROYAL HAUNTS<br \/>Sohaib Ilyas &#8211; director | Smita Thomas &#8211; escriptora<\/p>\r\n\r\n\r\n\r\n<p>TRUTH IS IN THE DETAILS<br \/>Hadi Moussally &#8211; director<\/p>\r\n\r\n\r\n\r\n<p>WOMB<br \/>Ane Crisan i Daniel McMahon &#8211; directors<\/p>\r\n<\/div>\r\n<\/div>\r\n\r\n\r\n\r\n<p><strong>MxA-V\u00cdDEO Guanyadors Categoria general<\/strong><\/p>\r\n\r\n\r\n\r\n<div class=\"wp-block-columns is-layout-flex wp-container-core-columns-is-layout-9d6595d7 wp-block-columns-is-layout-flex\">\r\n<div class=\"wp-block-column is-layout-flow wp-block-column-is-layout-flow\">\r\n<p>INANIA<br \/>J\u00falia Gir\u00f3s i Vera Herrero Mercader &#8211; directores<\/p>\r\n\r\n\r\n\r\n<p>COMING SOON<br \/>Elina Vil\u00e1 Dacosta-Calheir i Jordi Bernad\u00f3 &#8211; directors<\/p>\r\n\r\n\r\n\r\n<p>&nbsp;<\/p>\r\n<\/div>\r\n\r\n\r\n\r\n<div class=\"wp-block-column is-layout-flow wp-block-column-is-layout-flow\">\r\n<p>CIUDAD FUTURO<br \/>Nicol\u00e1s F. Montes &#8211; director<\/p>\r\n<\/div>\r\n<\/div>\r\n\r\n\r\n\r\n<p><strong>MxA-V\u00cdDEO Guanyador Categoria mediambiental<\/strong><\/p>\r\n\r\n\r\n\r\n<p>LIGHT AT NIGHT<br \/>Joe Gilbert &#8211; director<\/p>\r\n\r\n\r\n\r\n<div class=\"wp-block-spacer\" style=\"height: 30px;\" aria-hidden=\"true\">\u00a0<\/div>\r\n\r\n\r\n<hr class=\"wp-block-separator has-alpha-channel-opacity\" \/>\r\n\r\n\r\n<p>\u00a0<strong>Gui\u00f3 de la jornada<\/strong><\/p>\r\n\r\n\r\n\r\n<p>19:00 Obertura de portes<\/p>\r\n\r\n\r\n\r\n<p>19:20 Presentaci\u00f3<\/p>\r\n\r\n\r\n\r\n<p>19:30 Projecci\u00f3 de v\u00eddeos<\/p>\r\n\r\n\r\n\r\n<p>20:45 Actuaci\u00f3 Camile Duhart\u00a0 (Videoart)<\/p>\r\n\r\n\r\n\r\n<p>21:30 Actuaci\u00f3 Nicol\u00e1s Melmann (Art sonor)<\/p>\r\n\r\n\r\n\r\n<p>22:30h Final i tancament sala \u00a0\u00a0<\/p>\r\n\r\n\r\n\r\n<div class=\"wp-block-columns is-layout-flex wp-container-core-columns-is-layout-9d6595d7 wp-block-columns-is-layout-flex\">\r\n<div class=\"wp-block-column is-layout-flow wp-block-column-is-layout-flow\">\r\n<figure class=\"wp-block-image size-large\"><img loading=\"lazy\" decoding=\"async\" width=\"1024\" height=\"682\" class=\"wp-image-53921\" src=\"https:\/\/www.48hopenhousebarcelona.org\/wp-content\/uploads\/2025\/05\/Camile_Duhart_72-1024x682.jpg\" alt=\"\" srcset=\"https:\/\/www.48hopenhousebarcelona.org\/wp-content\/uploads\/2025\/05\/Camile_Duhart_72-1024x682.jpg 1024w, https:\/\/www.48hopenhousebarcelona.org\/wp-content\/uploads\/2025\/05\/Camile_Duhart_72-300x200.jpg 300w, https:\/\/www.48hopenhousebarcelona.org\/wp-content\/uploads\/2025\/05\/Camile_Duhart_72-768x511.jpg 768w, https:\/\/www.48hopenhousebarcelona.org\/wp-content\/uploads\/2025\/05\/Camile_Duhart_72-1320x879.jpg 1320w, https:\/\/www.48hopenhousebarcelona.org\/wp-content\/uploads\/2025\/05\/Camile_Duhart_72-400x266.jpg 400w, https:\/\/www.48hopenhousebarcelona.org\/wp-content\/uploads\/2025\/05\/Camile_Duhart_72.jpg 1362w\" sizes=\"auto, (max-width: 1024px) 100vw, 1024px\" \/><\/figure>\r\n\r\n\r\n\r\n<p class=\"has-text-align-center\"><a href=\"https:\/\/camileduhartdode.myportfolio.com\/work?fbclid=PAZXh0bgNhZW0CMTEAAacdO4WNAHiaV1E36xBDR8jDHgLZa4Ddp9iMofyod_y780EbmCcAA9-xSxx_eQ_aem_04Sn3yU5uIc8E3V1m3WHJQ\">Camile Duhart<\/a><\/p>\r\n<\/div>\r\n\r\n\r\n\r\n<div class=\"wp-block-column is-layout-flow wp-block-column-is-layout-flow\">\r\n<figure class=\"wp-block-image size-large\"><img loading=\"lazy\" decoding=\"async\" width=\"1024\" height=\"682\" class=\"wp-image-53929\" src=\"https:\/\/www.48hopenhousebarcelona.org\/wp-content\/uploads\/2025\/05\/Melmann_72-1-1024x682.jpg\" alt=\"\" srcset=\"https:\/\/www.48hopenhousebarcelona.org\/wp-content\/uploads\/2025\/05\/Melmann_72-1-1024x682.jpg 1024w, https:\/\/www.48hopenhousebarcelona.org\/wp-content\/uploads\/2025\/05\/Melmann_72-1-300x200.jpg 300w, https:\/\/www.48hopenhousebarcelona.org\/wp-content\/uploads\/2025\/05\/Melmann_72-1-768x511.jpg 768w, https:\/\/www.48hopenhousebarcelona.org\/wp-content\/uploads\/2025\/05\/Melmann_72-1-1320x879.jpg 1320w, https:\/\/www.48hopenhousebarcelona.org\/wp-content\/uploads\/2025\/05\/Melmann_72-1-400x266.jpg 400w, https:\/\/www.48hopenhousebarcelona.org\/wp-content\/uploads\/2025\/05\/Melmann_72-1.jpg 1362w\" sizes=\"auto, (max-width: 1024px) 100vw, 1024px\" \/><\/figure>\r\n\r\n\r\n\r\n<p class=\"has-text-align-center\"><a href=\"https:\/\/drive.google.com\/file\/d\/1KSUxRfJwMSpDGQXA_BfP5rnpcAHg8VXk\/view\">Nicol\u00e1s Melmann<\/a><\/p>\r\n<\/div>\r\n<\/div>\r\n\r\n\r\n<hr class=\"wp-block-separator has-alpha-channel-opacity\" \/>\r\n\r\n\r\n<p><strong>_M\u00daSICA x ARQUITECTURA<\/strong> ofereix propostes que relacionen experi\u00e8ncies arquitect\u00f2niques amb activitats creatives al voltant de la m\u00fasica, <strong>expressions art\u00edstiques sonores pensades per explicar l\u2019arquitectura des de la immersi\u00f3 creativa i per influir en l\u2019experi\u00e8ncia arquitect\u00f2nica del p\u00fablic<\/strong>. Es tracta d\u2019una porta oberta a la creativitat amb la finalitat de presentar obres de v\u00eddeo i actuacions en directe d\u2019autors d\u2019\u00e0mbit local. <br \/><strong>MxA-V\u00eddeo<\/strong> recull v\u00eddeos de car\u00e0cter experimental relacionats amb l\u2019arquitectura. S\u2019origina amb el concurs internacional de v\u00eddeo, obert a obres de car\u00e0cter experimental de ficci\u00f3, no-ficci\u00f3, assaig, documental, art i animaci\u00f3, relacionades amb l\u2019arquitectura. <br \/><strong>MxA-Concert<\/strong> consta de l\u2019actuaci\u00f3 en directe de projectes musicals de car\u00e0cter experimental locals.<\/p>\r\n\r\n\r\n\r\n<div class=\"wp-block-spacer\" style=\"height: 30px;\" aria-hidden=\"true\">\u00a0<\/div>\r\n\r\n\r\n<hr class=\"wp-block-separator has-alpha-channel-opacity\" \/>\r\n\r\n\r\n<div class=\"wp-block-spacer\" style=\"height: 30px;\" aria-hidden=\"true\">\u00a0<\/div>\r\n\r\n<h4><strong> Edicions anteriors:<\/strong><\/h4>\r\n<a class=\"md-btn button shortcode_button uk-light\" href=\"https:\/\/www.48hopenhousebarcelona.org\/ca\/musica-x-arquitectura-edicions\/\">M\u00fasica x Arquitectura<\/a>\r\n\r\n<p>&nbsp;<\/p>\r\n","protected":false},"excerpt":{"rendered":"<p>M\u00fasica x Arquitectura es va celebrar el 24 de maig  a Casa Montju\u00efc, presentaci\u00f3 dels v\u00eddeos finalistes del concurs de MxA-V\u00eddeo i el concert dels artistes: Camile Duhart i Nicol\u00e1s Melmann.<\/p>\n","protected":false},"author":2,"featured_media":53905,"comment_status":"closed","ping_status":"closed","sticky":false,"template":"","format":"standard","meta":{"_acf_changed":false,"footnotes":""},"categories":[670],"tags":[],"class_list":["post-53858","post","type-post","status-publish","format-standard","has-post-thumbnail","hentry","category-musica-x-arquitectura"],"acf":[],"_links":{"self":[{"href":"https:\/\/www.48hopenhousebarcelona.org\/ca\/wp-json\/wp\/v2\/posts\/53858","targetHints":{"allow":["GET"]}}],"collection":[{"href":"https:\/\/www.48hopenhousebarcelona.org\/ca\/wp-json\/wp\/v2\/posts"}],"about":[{"href":"https:\/\/www.48hopenhousebarcelona.org\/ca\/wp-json\/wp\/v2\/types\/post"}],"author":[{"embeddable":true,"href":"https:\/\/www.48hopenhousebarcelona.org\/ca\/wp-json\/wp\/v2\/users\/2"}],"replies":[{"embeddable":true,"href":"https:\/\/www.48hopenhousebarcelona.org\/ca\/wp-json\/wp\/v2\/comments?post=53858"}],"version-history":[{"count":39,"href":"https:\/\/www.48hopenhousebarcelona.org\/ca\/wp-json\/wp\/v2\/posts\/53858\/revisions"}],"predecessor-version":[{"id":54490,"href":"https:\/\/www.48hopenhousebarcelona.org\/ca\/wp-json\/wp\/v2\/posts\/53858\/revisions\/54490"}],"wp:featuredmedia":[{"embeddable":true,"href":"https:\/\/www.48hopenhousebarcelona.org\/ca\/wp-json\/wp\/v2\/media\/53905"}],"wp:attachment":[{"href":"https:\/\/www.48hopenhousebarcelona.org\/ca\/wp-json\/wp\/v2\/media?parent=53858"}],"wp:term":[{"taxonomy":"category","embeddable":true,"href":"https:\/\/www.48hopenhousebarcelona.org\/ca\/wp-json\/wp\/v2\/categories?post=53858"},{"taxonomy":"post_tag","embeddable":true,"href":"https:\/\/www.48hopenhousebarcelona.org\/ca\/wp-json\/wp\/v2\/tags?post=53858"}],"curies":[{"name":"wp","href":"https:\/\/api.w.org\/{rel}","templated":true}]}}