{"id":5758,"date":"2019-11-13T08:12:59","date_gmt":"2019-11-13T08:12:59","guid":{"rendered":"https:\/\/www.48hopenhousebarcelona.org\/?p=5758"},"modified":"2023-10-10T07:00:26","modified_gmt":"2023-10-10T07:00:26","slug":"dones-arquitectes","status":"publish","type":"post","link":"https:\/\/www.48hopenhousebarcelona.org\/ca\/dones-arquitectes\/","title":{"rendered":"Dones Arquitectes"},"content":{"rendered":"<p>Soc<strong> Pilar Casas Mur<\/strong>, arquitecta que representa, en aquesta desena edici\u00f3 del festival, el tema destacat de l\u2019any: \u2018<strong>Dones Arquitectes<\/strong>\u2019. Per primera vegada el meu retrat passa per davant de la meva obra, un retrat alhora detallat i impersonal que representa una dona arquitecta de qualsevol edat i condici\u00f3.<\/p>\n<p>Enguany, amb l\u2019objectiu de contribuir a naturalitzar la figura de la dona en el sector de l\u2019arquitectura, hem escollit deu dones especialistes en diferents camps de la professi\u00f3 per a la imatge gr\u00e0fica de l\u2019esdeveniment. Cinc dones representen les diferents ciutats que participen al festival: <strong>Blanca Noguera<\/strong>, especialista en espai p\u00fablic i autora del parc de Can Zam, amb l\u2019AMB, a Santa Coloma de Gramenet; <strong>Montserrat Hosta<\/strong>, especialista en planejament urban\u00edstic i arquitecta de l\u2019edifici de Cal Notari, a Vilassar de Dalt; <strong>Natalia Ojeda<\/strong>, com a representant de l\u2019equip de restauraci\u00f3 de Torre de la Creu, a Sant Joan Desp\u00ed; <strong>Pepita Teixidor<\/strong>, exredactora de la revista Quaderns d\u2019Arquitectura i autora del projecte d\u2019oficines municipals El Viver, a Badalona, i<strong> Meritxell Inaraja<\/strong>, especialista en<br \/>\nrehabilitaci\u00f3 del patrimoni i autora de l\u2019obra de Can Colom, a l\u2019Hospitalet de Llobregat.<\/p>\n<p>Cinc dones m\u00e9s representen les diferents seccions del festival: <strong>Imma Jansana<\/strong>, paisatgista que representa la secci\u00f3 Open Green; <strong>Carme Pin\u00f3s<\/strong>, arquitecta de la pla\u00e7a de la Gardunya, l\u2019Escola Massana i els habitatges que configuren el conjunt de la pla\u00e7a, com a representaci\u00f3 de l\u2019Open Infraestructures; <strong>Benedetta Tagliabue<\/strong>, autora de l\u2019edifici Kalida Sant Pau, com a representant de l\u2019Open Social; <strong>Natali Canas<\/strong>, com a representant de l\u2019Open Kitchen, i <strong>Maria Sisternas<\/strong>, per a l\u2019Arquitectura de l\u2019aigua.<\/p>\n<p>En el 20% dels 200 edificis que es podran visitar durant el festival han intervingut dones en el seu proc\u00e9s de disseny i execuci\u00f3: la campanya de comunicaci\u00f3 destaca aquestes dones i les dona a con\u00e8ixer. Totes elles son arquitectes que han transformat de forma \u00fatil i creativa, per exemple, f\u00e0briques en des\u00fas, com l\u2019edifici de La Ciba, a Santa Coloma de Gramenet; els Habitatges de Fabra i Coats, a Sant Andreu, o un espai de treball inclusiu i saludable al 22@.<\/p>\n<p>&nbsp;<\/p>\n<p>La imatge de la postal \u00e9s un homenatge a les dones de l\u2019escola d\u2019art, disseny i arquitectura de la <strong>Bauhaus<\/strong>, que enguany celebra el centenari: m\u00e9s de 460 dones van passar-hi per un clima no igualitari.<\/p>\n<h3><img loading=\"lazy\" decoding=\"async\" class=\"alignnone wp-image-7695\" src=\"https:\/\/www.48hopenhousebarcelona.org\/wp-content\/uploads\/2019\/10\/donesbauhaus-238x300.jpg\" alt=\"\" width=\"169\" height=\"213\" srcset=\"https:\/\/www.48hopenhousebarcelona.org\/wp-content\/uploads\/2019\/10\/donesbauhaus-238x300.jpg 238w, https:\/\/www.48hopenhousebarcelona.org\/wp-content\/uploads\/2019\/10\/donesbauhaus-400x503.jpg 400w, https:\/\/www.48hopenhousebarcelona.org\/wp-content\/uploads\/2019\/10\/donesbauhaus-768x966.jpg 768w, https:\/\/www.48hopenhousebarcelona.org\/wp-content\/uploads\/2019\/10\/donesbauhaus.jpg 814w\" sizes=\"auto, (max-width: 169px) 100vw, 169px\" \/><\/h3>\n","protected":false},"excerpt":{"rendered":"<p>Soc Pilar Casas Mur, arquitecta que representa, en aquesta desena edici\u00f3 del festival, el tema destacat de l\u2019any: \u2018Dones Arquitectes\u2019. Per primera vegada el meu retrat passa per davant de la meva obra, un retrat alhora detallat i impersonal que representa una dona arquitecta de qualsevol edat i condici\u00f3. Enguany, amb l\u2019objectiu de contribuir a [&hellip;]<\/p>\n","protected":false},"author":2,"featured_media":14270,"comment_status":"closed","ping_status":"closed","sticky":false,"template":"","format":"standard","meta":{"_acf_changed":false,"footnotes":""},"categories":[329],"tags":[],"class_list":["post-5758","post","type-post","status-publish","format-standard","has-post-thumbnail","hentry","category-noticies"],"acf":[],"_links":{"self":[{"href":"https:\/\/www.48hopenhousebarcelona.org\/ca\/wp-json\/wp\/v2\/posts\/5758","targetHints":{"allow":["GET"]}}],"collection":[{"href":"https:\/\/www.48hopenhousebarcelona.org\/ca\/wp-json\/wp\/v2\/posts"}],"about":[{"href":"https:\/\/www.48hopenhousebarcelona.org\/ca\/wp-json\/wp\/v2\/types\/post"}],"author":[{"embeddable":true,"href":"https:\/\/www.48hopenhousebarcelona.org\/ca\/wp-json\/wp\/v2\/users\/2"}],"replies":[{"embeddable":true,"href":"https:\/\/www.48hopenhousebarcelona.org\/ca\/wp-json\/wp\/v2\/comments?post=5758"}],"version-history":[{"count":2,"href":"https:\/\/www.48hopenhousebarcelona.org\/ca\/wp-json\/wp\/v2\/posts\/5758\/revisions"}],"predecessor-version":[{"id":46867,"href":"https:\/\/www.48hopenhousebarcelona.org\/ca\/wp-json\/wp\/v2\/posts\/5758\/revisions\/46867"}],"wp:featuredmedia":[{"embeddable":true,"href":"https:\/\/www.48hopenhousebarcelona.org\/ca\/wp-json\/wp\/v2\/media\/14270"}],"wp:attachment":[{"href":"https:\/\/www.48hopenhousebarcelona.org\/ca\/wp-json\/wp\/v2\/media?parent=5758"}],"wp:term":[{"taxonomy":"category","embeddable":true,"href":"https:\/\/www.48hopenhousebarcelona.org\/ca\/wp-json\/wp\/v2\/categories?post=5758"},{"taxonomy":"post_tag","embeddable":true,"href":"https:\/\/www.48hopenhousebarcelona.org\/ca\/wp-json\/wp\/v2\/tags?post=5758"}],"curies":[{"name":"wp","href":"https:\/\/api.w.org\/{rel}","templated":true}]}}