{"id":5760,"date":"2019-11-13T09:26:26","date_gmt":"2019-11-13T09:26:26","guid":{"rendered":"https:\/\/www.48hopenhousebarcelona.org\/?p=5760"},"modified":"2024-06-07T10:46:53","modified_gmt":"2024-06-07T10:46:53","slug":"dones-arquitectes-a-la-viquipedia-10-anys-10-dones","status":"publish","type":"post","link":"https:\/\/www.48hopenhousebarcelona.org\/ca\/dones-arquitectes-a-la-viquipedia-10-anys-10-dones\/","title":{"rendered":"Dones Arquitectes a la Viquip\u00e8dia: 10 anys, 10 dones"},"content":{"rendered":"<p><span style=\"font-weight: 400;\">En el seu des\u00e8 aniversari, <\/span><a href=\"https:\/\/ca.wikipedia.org\/wiki\/48h_Open_House_Barcelona\"><span style=\"font-weight: 400;\">48H Open House BCN<\/span><\/a><span style=\"font-weight: 400;\"> aposta per unir forces amb <\/span><a href=\"https:\/\/ca.wikipedia.org\/wiki\/Viquip%C3%A8dia:Amical_Wikimedia\"><span style=\"font-weight: 400;\">Amical Wikimedia<\/span><\/a><span style=\"font-weight: 400;\"> i posar el focus en les dones arquitectes que han format part de la seva programaci\u00f3 en aquesta d\u00e8cada. El proper dissabte <\/span><b>19 d&#8217;octubre<\/b><span style=\"font-weight: 400;\"> de 10:00 h a 14:00 h, tindr\u00e0 lloc la <\/span><b>Viquimarat\u00f3 Dones Arquitectes a la Viquip\u00e8dia: 10 anys, 10 dones<\/b><span style=\"font-weight: 400;\">, a la llibreria &lt;&lt;La Capell&gt;&gt; (Pla\u00e7a Nova, 5)\u00a0 del COAC, Col\u00b7legi d\u2019Arquitectes de Catalunya. L\u2019acci\u00f3 consistir\u00e0 en millorar la informaci\u00f3 disponible sobre 10 dones arquitectes a la Viquip\u00e8dia amb la col\u00b7laboraci\u00f3 del projecte <\/span><a href=\"https:\/\/ca.wikipedia.org\/wiki\/Viquiprojecte:Viquidones\/Espai_Viquidones_UPF\"><span style=\"font-weight: 400;\">Viquidones<\/span><\/a><span style=\"font-weight: 400;\">.<\/span><b>\u00a0<\/b><\/p>\n<p><b>Qu\u00e8 \u00e9s una Viquimarat\u00f3?<\/b><\/p>\n<ul>\n<li style=\"font-weight: 400;\"><span style=\"font-weight: 400;\">Una <\/span><a href=\"https:\/\/ca.wikipedia.org\/wiki\/Viquimarat%C3%B3\"><b>viquimarat\u00f3<\/b><\/a> <span style=\"font-weight: 400;\">\u00e9s una activitat en qu\u00e8 un grup de viquipedistes es troben f\u00edsicament en un indret per ampliar el m\u00e0xim possible un article i\/o una tem\u00e0tica determinada de la Viquip\u00e8dia.\u00a0<\/span><\/li>\n<li style=\"font-weight: 400;\"><span style=\"font-weight: 400;\">L\u2019objectiu<\/span> <span style=\"font-weight: 400;\">\u00e9s<\/span><b> millorar la informaci\u00f3 disponible a la Viquip\u00e8dia<\/b><span style=\"font-weight: 400;\"> sobre una selecci\u00f3 de continguts i tamb\u00e9 <\/span><b>donar visibilitat al voluntariat<\/b><span style=\"font-weight: 400;\"> que desinteressadament participa d\u2019un projecte de coneixement lliure i col\u00b7laboratiu d\u2019abast mundial, com \u00e9s la Viquip\u00e8dia.\u00a0<\/span><\/li>\n<li style=\"font-weight: 400;\"><span style=\"font-weight: 400;\">Es fa un <\/span><b>treball conjunt<\/b><span style=\"font-weight: 400;\"> entre viquipedistes i entitats especialitzades en una tem\u00e0tica espec\u00edfica. Els voluntaris tenen acc\u00e9s a bibliografia i materials d\u2019alta qualitat triats per a l&#8217;esdeveniment.\u00a0\u00a0<\/span><\/li>\n<\/ul>\n<p><span style=\"font-weight: 400;\">Les 10 dones arquitectes <\/span><b>protagonistes de la viquimarat\u00f3<\/b><span style=\"font-weight: 400;\"> han participat al 48H Open House BCN explicant la seva arquitectura en aquesta d\u00e8cada. Les arquitectes d\u2019aquesta acci\u00f3 s\u00f3n les seg\u00fcents:<\/span><\/p>\n<p><span style=\"font-weight: 400;\">Ana Bassat &#8211; Conxita Balcells \u2013 Eva Prats \u2013 Teresa Batlle \u2013 Lola Dom\u00e8nech \u2013 Meritxell Inaraja \u2013 Marta Peris \u2013 Eva Serrats \u2013 Carme Pigem &#8211;\u00a0 Carme Ribas. <\/span><a class=\"md-btn button shortcode_button uk-light\" href=\"https:\/\/forms.gle\/AbUpNx5KSsQsKd8V8\">Participa a la VIQUIMARAT\u00d3<\/a><\/p>\n<p><img loading=\"lazy\" decoding=\"async\" class=\"wp-image-6089 aligncenter\" src=\"https:\/\/www.48hopenhousebarcelona.org\/wp-content\/uploads\/2019\/10\/viquimarato\u0301-01-300x212.jpg\" alt=\"\" width=\"437\" height=\"309\" srcset=\"https:\/\/www.48hopenhousebarcelona.org\/wp-content\/uploads\/2019\/10\/viquimarato\u0301-01-300x212.jpg 300w, https:\/\/www.48hopenhousebarcelona.org\/wp-content\/uploads\/2019\/10\/viquimarato\u0301-01-400x283.jpg 400w, https:\/\/www.48hopenhousebarcelona.org\/wp-content\/uploads\/2019\/10\/viquimarato\u0301-01-768x543.jpg 768w, https:\/\/www.48hopenhousebarcelona.org\/wp-content\/uploads\/2019\/10\/viquimarato\u0301-01.jpg 1024w\" sizes=\"auto, (max-width: 437px) 100vw, 437px\" \/><\/p>\n<p><b>Obres de les 10 DONES ARQUITECTES:<\/b><\/p>\n<h3><span style=\"color: #ff0000;\">Ana Bassat<\/span><\/h3>\n<ul>\n<li style=\"font-weight: 400;\"><span style=\"font-weight: 400;\">Mercat del Encants\u00a0 (OHB)<\/span><\/li>\n<li style=\"font-weight: 400;\"><span style=\"font-weight: 400;\">Ciutat de la Just\u00edcia\u00a0 (OHB)<\/span><\/li>\n<li style=\"font-weight: 400;\"><span style=\"font-weight: 400;\">Aeroport Lleida-Alguaire<\/span><\/li>\n<li style=\"font-weight: 400;\"><span style=\"font-weight: 400;\">Torres Porta Fira\u00a0 (OHB)<\/span><\/li>\n<li style=\"font-weight: 400;\"><span style=\"font-weight: 400;\">Edifici Indra (OHB)<\/span><\/li>\n<li style=\"font-weight: 400;\"><span style=\"font-weight: 400;\">Lyc\u00e9e Fran\u00e7ais Maternelle (OHB)<\/span><\/li>\n<li style=\"font-weight: 400;\"><span style=\"font-weight: 400;\">MN19 oficinas (OHB)<\/span><\/li>\n<li style=\"font-weight: 400;\"><span style=\"font-weight: 400;\">Habitatges Rambla Catalunya (OHB)\u00a0<\/span><\/li>\n<\/ul>\n<h3><span style=\"color: #ff0000;\">Conxita Balcells<\/span><\/h3>\n<ul>\n<li style=\"font-weight: 400;\"><span style=\"font-weight: 400;\">150 Habitatges Rodalies Renfe &#8211; PMHB (OHB)<\/span><\/li>\n<li style=\"font-weight: 400;\"><span style=\"font-weight: 400;\">Centre Serveis Socials La Prosperitat (OHB)<\/span><\/li>\n<li style=\"font-weight: 400;\"><span style=\"font-weight: 400;\">Centre de salut a Canet de mar<\/span><\/li>\n<\/ul>\n<h3><span style=\"color: #ff0000;\">Eva Prats<\/span><\/h3>\n<ul>\n<li style=\"font-weight: 400;\"><span style=\"font-weight: 400;\">Sala Beckett (OHB)<\/span><\/li>\n<li style=\"font-weight: 400;\"><span style=\"font-weight: 400;\">Casal Balaguer<\/span><\/li>\n<li style=\"font-weight: 400;\"><span style=\"font-weight: 400;\">Edifici 111 (habitatges a Terrassa)<\/span><\/li>\n<li style=\"font-weight: 400;\"><span style=\"font-weight: 400;\">Jardins de Fabra &amp; Coats (Jardins Pla\u00e7a de Can Fabra)<\/span><\/li>\n<li style=\"font-weight: 400;\"><span style=\"font-weight: 400;\">Biennale Venecia<\/span><\/li>\n<\/ul>\n<ul>\n<li style=\"list-style-type: none;\">\n<ul>\n<li style=\"list-style-type: none;\">\n<ul>\n<li style=\"font-weight: 400;\"><span style=\"font-weight: 400;\">Exposici\u00f3<\/span><\/li>\n<li style=\"font-weight: 400;\"><span style=\"font-weight: 400;\">Morning Chapel<\/span><\/li>\n<\/ul>\n<\/li>\n<\/ul>\n<\/li>\n<li style=\"font-weight: 400;\"><span style=\"font-weight: 400;\">Casa Provid\u00e8ncia Badalona (OHB)<\/span><\/li>\n<\/ul>\n<h3><span style=\"color: #ff0000;\">Teresa Batlle<\/span><\/h3>\n<ul>\n<li style=\"font-weight: 400;\"><span style=\"font-weight: 400;\">Centre tecnol\u00f2gic Leitat (OHB)<\/span><\/li>\n<li style=\"font-weight: 400;\"><span style=\"font-weight: 400;\">Institut d\u2019investigaci\u00f3 Sant Pau (OHB)<\/span><\/li>\n<li style=\"font-weight: 400;\"><span style=\"font-weight: 400;\">Habitatges Pau Claris (OHB)<\/span><\/li>\n<li style=\"font-weight: 400;\"><span style=\"font-weight: 400;\">Centre c\u00edvic Les Corts &#8211; Joan Oliver (OHB)<\/span><\/li>\n<li style=\"font-weight: 400;\"><span style=\"font-weight: 400;\">Edifici multifuncional Fondo &#8211; Santa Coloma (OHB)<\/span><\/li>\n<li style=\"font-weight: 400;\"><span style=\"font-weight: 400;\">Ampliaci\u00f3 escola Teresianas-Ganduxer\u00a0<\/span><\/li>\n<li style=\"font-weight: 400;\"><span style=\"font-weight: 400;\">Hospital Universitari Sant Joan de Reus<\/span><\/li>\n<\/ul>\n<h3><span style=\"color: #ff0000;\">Lola Dom\u00e8nech<\/span><\/h3>\n<ul>\n<li style=\"font-weight: 400;\"><span style=\"font-weight: 400;\">Restauraci\u00f3 del F\u00f2rum rom\u00e0 d\u2019Emp\u00faries<\/span><\/li>\n<li style=\"font-weight: 400;\"><span style=\"font-weight: 400;\">Remodelaci\u00f3 del Passeig de Sant Joan (OHB)<\/span><\/li>\n<li style=\"font-weight: 400;\"><span style=\"font-weight: 400;\">Urbanitzaci\u00f3 del Baluard del migdia<\/span><\/li>\n<li style=\"font-weight: 400;\"><span style=\"font-weight: 400;\">Urbanitzaci\u00f3 Font Carmen Amaya (OHB)<\/span><\/li>\n<li style=\"font-weight: 400;\"><span style=\"font-weight: 400;\">Habitatge plurifamiliar al casc antic de Manresa<\/span><\/li>\n<li style=\"font-weight: 400;\"><span style=\"font-weight: 400;\">Edifici d\u2019habitatges Poblenou (OHB)<\/span><\/li>\n<li style=\"font-weight: 400;\"><span style=\"font-weight: 400;\">Remodelaci\u00f3 de Les Rambles<\/span><\/li>\n<\/ul>\n<h3><span style=\"color: #ff0000;\">Meritxell Inaraja<\/span><\/h3>\n<ul>\n<li><span style=\"font-weight: 400;\">La Seca (OHB)<\/span>\n<ul>\n<li style=\"list-style-type: none;\">\n<ul>\n<li style=\"font-weight: 400;\"><span style=\"font-weight: 400;\">Restauraci\u00f3 de l\u2019antiga f\u00e0brica de la moneda per a espai esc\u00e8nic Brossa<\/span><\/li>\n<li style=\"font-weight: 400;\"><span style=\"font-weight: 400;\">Restauraci\u00f3 La Seca 2<\/span><\/li>\n<li style=\"font-weight: 400;\"><span style=\"font-weight: 400;\">Connexi\u00f3 Espai Brossa &#8211; La Seca <\/span><\/li>\n<\/ul>\n<\/li>\n<\/ul>\n<\/li>\n<li style=\"font-weight: 400;\"><span style=\"font-weight: 400;\">Can Colom (OHB)<\/span>\n<ul>\n<li style=\"list-style-type: none;\">\n<ul>\n<li style=\"font-weight: 400;\"><span style=\"font-weight: 400;\">Rehabilitaci\u00f3 de la masia \u201cCan Colom\u201d<\/span><\/li>\n<li style=\"font-weight: 400;\"><span style=\"font-weight: 400;\">Urbanitzaci\u00f3 de la pla\u00e7a i entorn de la masia \u201cCan Colom\u201d<\/span><\/li>\n<\/ul>\n<\/li>\n<\/ul>\n<\/li>\n<\/ul>\n<ul>\n<li style=\"font-weight: 400;\"><span style=\"font-weight: 400;\">Biblioteca a Palmar\u00edn per a la Fundaci\u00f3 Llu\u00eds Llach<\/span><\/li>\n<li style=\"font-weight: 400;\"><span style=\"font-weight: 400;\">Arxiu hist\u00f2ric comarcal del Garraf<\/span><\/li>\n<li style=\"font-weight: 400;\"><span style=\"font-weight: 400;\">Consolidaci\u00f3 del conjunt monumental del castell de Besora<\/span><\/li>\n<\/ul>\n<h3><span style=\"color: #ff0000;\">Marta Peris<\/span><\/h3>\n<ul>\n<li style=\"font-weight: 400;\"><span style=\"font-weight: 400;\">Habitatges amb serveis per a gent gran Gl\u00f2ries &#8211; IMHAB (OHB)<\/span><\/li>\n<li style=\"font-weight: 400;\"><span style=\"font-weight: 400;\">Punt d\u2019informaci\u00f3 a Gl\u00f2ries (OHB)<\/span><\/li>\n<li style=\"font-weight: 400;\"><span style=\"font-weight: 400;\">36 habitatges socials per joves a Can Caralleu<\/span><\/li>\n<li style=\"font-weight: 400;\"><span style=\"font-weight: 400;\">33 habitatges a Melilla<\/span><\/li>\n<li style=\"font-weight: 400;\"><span style=\"font-weight: 400;\">Projecte Badalona: A. M\u00f3naco &#8211; c. Verdi (espai p\u00fablic)<\/span><\/li>\n<\/ul>\n<h3><span style=\"color: #ff0000;\">Eva Serrats<\/span><\/h3>\n<ul>\n<li style=\"font-weight: 400;\"><span style=\"font-weight: 400;\">Cinema \u2013 audiovisuals<\/span>\n<ul>\n<li style=\"list-style-type: none;\">\n<ul>\n<li style=\"font-weight: 400;\"><span style=\"font-weight: 400;\">Qu\u00e8 \u00e9s Arquitectura?<\/span><\/li>\n<\/ul>\n<\/li>\n<\/ul>\n<\/li>\n<li style=\"font-weight: 400;\"><span style=\"font-weight: 400;\">Fundaci\u00f3 Arrels\u00a0 (OHB)<\/span>\n<ul>\n<li style=\"list-style-type: none;\">\n<ul>\n<li style=\"font-weight: 400;\"><span style=\"font-weight: 400;\">Pis Zero Fundaci\u00f3 Arrels<\/span><\/li>\n<li style=\"font-weight: 400;\"><span style=\"font-weight: 400;\">Escola-taller La Troballa<\/span><\/li>\n<\/ul>\n<\/li>\n<\/ul>\n<\/li>\n<li style=\"font-weight: 400;\"><span style=\"font-weight: 400;\">Reforma interior restaurant Santa Rita Experience (OHB)<\/span><\/li>\n<li style=\"font-weight: 400;\"><span style=\"font-weight: 400;\">La Floresta<\/span>\n<ul>\n<li style=\"list-style-type: none;\">\n<ul>\n<li style=\"font-weight: 400;\"><span style=\"font-weight: 400;\">Plataforma La Floresta Parla<\/span><\/li>\n<li style=\"font-weight: 400;\"><span style=\"font-weight: 400;\">Arquitectes de cap\u00e7alera<\/span><\/li>\n<li style=\"font-weight: 400;\"><span style=\"font-weight: 400;\">El Bosc habitat<\/span><\/li>\n<\/ul>\n<\/li>\n<\/ul>\n<\/li>\n<li style=\"font-weight: 400;\"><span style=\"font-weight: 400;\">Ve\u00efnificaci\u00f3 del Moll de la Fusta<\/span><\/li>\n<\/ul>\n<h3><span style=\"color: #ff0000;\">Carme Pigem &#8211; actualitzaci\u00f3 Viquip\u00e8dia<\/span><\/h3>\n<ul>\n<li style=\"font-weight: 400;\"><span style=\"font-weight: 400;\">Biblioteca de Sant Antoni-Joan Oliver (OHB)<\/span><\/li>\n<li style=\"font-weight: 400;\"><span style=\"font-weight: 400;\">Espai p\u00fablic Teatre La Lira (Ripoll)<\/span><\/li>\n<li style=\"font-weight: 400;\"><span style=\"font-weight: 400;\">Restaurant Les Cols (Olot)<\/span><\/li>\n<li style=\"font-weight: 400;\"><span style=\"font-weight: 400;\">Museu Pierre Soulages (Rodez, Fran\u00e7a)<\/span><\/li>\n<li style=\"font-weight: 400;\"><span style=\"font-weight: 400;\">Parc Natural d\u2019Inter\u00e8s Nacional de la Zona Volc\u00e0nica de la Garrotxa (arquitectes assessors)<\/span><\/li>\n<li style=\"font-weight: 400;\"><span style=\"font-weight: 400;\">Bodegues Bell-Lloc (Palam\u00f3s)<\/span><\/li>\n<li style=\"font-weight: 400;\"><span style=\"font-weight: 400;\">Guarderia El Petit Comte (Besal\u00fa)<\/span><\/li>\n<li style=\"font-weight: 400;\"><span style=\"font-weight: 400;\">Habitatges unifamiliars<\/span><\/li>\n<\/ul>\n<h3><span style=\"color: #ff0000;\">Carme Ribas &#8211; actualitzaci\u00f3 Viquip\u00e8dia<\/span><\/h3>\n<ul>\n<li style=\"font-weight: 400;\"><span style=\"font-weight: 400;\">Mercat de Sant Antoni<\/span>\n<ul>\n<li style=\"list-style-type: none;\">\n<ul>\n<li style=\"font-weight: 400;\"><span style=\"font-weight: 400;\">Rehabilitaci\u00f3 del Mercat de Sant Antoni (OHB)<\/span><\/li>\n<li style=\"font-weight: 400;\"><span style=\"font-weight: 400;\">Mercat provisional dels diumenges a Sant Antoni (Barcelona)<\/span><\/li>\n<\/ul>\n<\/li>\n<\/ul>\n<\/li>\n<li style=\"font-weight: 400;\"><span style=\"font-weight: 400;\">Habitatges amb serveis per a gent gran Quatre Camins (OHB)<\/span><\/li>\n<li style=\"font-weight: 400;\"><span style=\"font-weight: 400;\">Consolidaci\u00f3 estructural i restauraci\u00f3 de l\u2019envolvent de l\u2019antiga Caserna La Remunta (L\u2019Hospitalet de Llobregat) (OHB)<\/span><\/li>\n<li style=\"font-weight: 400;\"><span style=\"font-weight: 400;\">Seu de R\u00e0dio Nacional (OHB)<\/span><\/li>\n<li style=\"font-weight: 400;\"><span style=\"font-weight: 400;\">Parc de Sa Riera (Palma de Mallorca)<\/span><\/li>\n<li style=\"font-weight: 400;\"><span style=\"font-weight: 400;\">Passarel\u00b7la de vianants al riu Segre (Lleida)<\/span><\/li>\n<li style=\"font-weight: 400;\"><span style=\"font-weight: 400;\">F\u00e0brica Marf\u00e0 (Girona)<\/span><\/li>\n<li style=\"font-weight: 400;\"><span style=\"font-weight: 400;\">Torrent Vall Parad\u00eds (Terrassa)<\/span><\/li>\n<li style=\"font-weight: 400;\"><span style=\"font-weight: 400;\">Gerent Consorci del Bes\u00f2s<\/span><\/li>\n<\/ul>\n<p>&nbsp;<\/p>\n<p>Amb la col\u00b7laboraci\u00f3 de:<\/p>\n<p><img loading=\"lazy\" decoding=\"async\" class=\"alignnone wp-image-7567\" src=\"https:\/\/www.48hopenhousebarcelona.org\/wp-content\/uploads\/2019\/10\/LaCapell.png\" alt=\"\" width=\"142\" height=\"141\" srcset=\"https:\/\/www.48hopenhousebarcelona.org\/wp-content\/uploads\/2019\/10\/LaCapell.png 225w, https:\/\/www.48hopenhousebarcelona.org\/wp-content\/uploads\/2019\/10\/LaCapell-100x100.png 100w, https:\/\/www.48hopenhousebarcelona.org\/wp-content\/uploads\/2019\/10\/LaCapell-150x150.png 150w\" sizes=\"auto, (max-width: 142px) 100vw, 142px\" \/><img loading=\"lazy\" decoding=\"async\" class=\"alignnone size-medium wp-image-7564\" src=\"https:\/\/www.48hopenhousebarcelona.org\/wp-content\/uploads\/2019\/10\/qfundacion-arquia-lateral-color-01-1-300x92.jpg\" alt=\"\" width=\"300\" height=\"92\" srcset=\"https:\/\/www.48hopenhousebarcelona.org\/wp-content\/uploads\/2019\/10\/qfundacion-arquia-lateral-color-01-1-300x92.jpg 300w, https:\/\/www.48hopenhousebarcelona.org\/wp-content\/uploads\/2019\/10\/qfundacion-arquia-lateral-color-01-1.jpg 400w\" sizes=\"auto, (max-width: 300px) 100vw, 300px\" \/><img loading=\"lazy\" decoding=\"async\" class=\"alignnone wp-image-7592\" src=\"https:\/\/www.48hopenhousebarcelona.org\/wp-content\/uploads\/2019\/10\/Amical_Wikimedia_logo.svg_-291x300.png\" alt=\"\" width=\"140\" height=\"144\" srcset=\"https:\/\/www.48hopenhousebarcelona.org\/wp-content\/uploads\/2019\/10\/Amical_Wikimedia_logo.svg_-291x300.png 291w, https:\/\/www.48hopenhousebarcelona.org\/wp-content\/uploads\/2019\/10\/Amical_Wikimedia_logo.svg_-400x412.png 400w, https:\/\/www.48hopenhousebarcelona.org\/wp-content\/uploads\/2019\/10\/Amical_Wikimedia_logo.svg_-768x792.png 768w, https:\/\/www.48hopenhousebarcelona.org\/wp-content\/uploads\/2019\/10\/Amical_Wikimedia_logo.svg_-993x1024.png 993w, https:\/\/www.48hopenhousebarcelona.org\/wp-content\/uploads\/2019\/10\/Amical_Wikimedia_logo.svg_.png 1200w\" sizes=\"auto, (max-width: 140px) 100vw, 140px\" \/><\/p>\n","protected":false},"excerpt":{"rendered":"<p>En el seu des\u00e8 aniversari, 48H Open House BCN aposta per unir forces amb Amical Wikimedia i posar el focus en les dones arquitectes que han format part de la seva programaci\u00f3 en aquesta d\u00e8cada. El proper dissabte 19 d&#8217;octubre de 10:00 h a 14:00 h, tindr\u00e0 lloc la Viquimarat\u00f3 Dones Arquitectes a la Viquip\u00e8dia: [&hellip;]<\/p>\n","protected":false},"author":2,"featured_media":14295,"comment_status":"closed","ping_status":"closed","sticky":false,"template":"","format":"standard","meta":{"_acf_changed":false,"footnotes":""},"categories":[329],"tags":[],"class_list":["post-5760","post","type-post","status-publish","format-standard","has-post-thumbnail","hentry","category-noticies"],"acf":[],"_links":{"self":[{"href":"https:\/\/www.48hopenhousebarcelona.org\/ca\/wp-json\/wp\/v2\/posts\/5760","targetHints":{"allow":["GET"]}}],"collection":[{"href":"https:\/\/www.48hopenhousebarcelona.org\/ca\/wp-json\/wp\/v2\/posts"}],"about":[{"href":"https:\/\/www.48hopenhousebarcelona.org\/ca\/wp-json\/wp\/v2\/types\/post"}],"author":[{"embeddable":true,"href":"https:\/\/www.48hopenhousebarcelona.org\/ca\/wp-json\/wp\/v2\/users\/2"}],"replies":[{"embeddable":true,"href":"https:\/\/www.48hopenhousebarcelona.org\/ca\/wp-json\/wp\/v2\/comments?post=5760"}],"version-history":[{"count":3,"href":"https:\/\/www.48hopenhousebarcelona.org\/ca\/wp-json\/wp\/v2\/posts\/5760\/revisions"}],"predecessor-version":[{"id":48817,"href":"https:\/\/www.48hopenhousebarcelona.org\/ca\/wp-json\/wp\/v2\/posts\/5760\/revisions\/48817"}],"wp:featuredmedia":[{"embeddable":true,"href":"https:\/\/www.48hopenhousebarcelona.org\/ca\/wp-json\/wp\/v2\/media\/14295"}],"wp:attachment":[{"href":"https:\/\/www.48hopenhousebarcelona.org\/ca\/wp-json\/wp\/v2\/media?parent=5760"}],"wp:term":[{"taxonomy":"category","embeddable":true,"href":"https:\/\/www.48hopenhousebarcelona.org\/ca\/wp-json\/wp\/v2\/categories?post=5760"},{"taxonomy":"post_tag","embeddable":true,"href":"https:\/\/www.48hopenhousebarcelona.org\/ca\/wp-json\/wp\/v2\/tags?post=5760"}],"curies":[{"name":"wp","href":"https:\/\/api.w.org\/{rel}","templated":true}]}}