{"id":58181,"date":"2025-12-04T15:55:49","date_gmt":"2025-12-04T15:55:49","guid":{"rendered":"https:\/\/www.48hopenhousebarcelona.org\/?p=58181"},"modified":"2025-12-10T19:48:37","modified_gmt":"2025-12-10T19:48:37","slug":"fotos-dibuixos-i-mes-lliurament-de-premis-ohb25","status":"publish","type":"post","link":"https:\/\/www.48hopenhousebarcelona.org\/ca\/fotos-dibuixos-i-mes-lliurament-de-premis-ohb25\/","title":{"rendered":"FOTOS, DIBUIXOS I M\u00c9S: LLIURAMENT DE PREMIS OHB25"},"content":{"rendered":"\r\n<h3 class=\"wp-block-heading\">El dimecres 26 de novembre s\u2019ha celebrat el lliurament de premis de la 16a edici\u00f3 del festival <b>48h Open House BCN<\/b>\u00a0a <a href=\"https:\/\/www.48hopenhousebarcelona.org\/ca\/els-edificis\/juno-house\/\" target=\"_blank\" rel=\"noopener\">Juno House<\/a>, amb finalistes, guanyadors, amics i col\u00b7laboradors.<\/h3>\r\n<p><img loading=\"lazy\" decoding=\"async\" class=\"alignnone size-medium wp-image-58234\" src=\"https:\/\/www.48hopenhousebarcelona.org\/wp-content\/uploads\/2025\/12\/OPENFOTO2025-085-CAWI0222-300x200.jpg\" alt=\"\" width=\"300\" height=\"200\" \/> <img loading=\"lazy\" decoding=\"async\" class=\"alignnone size-medium wp-image-58232\" src=\"https:\/\/www.48hopenhousebarcelona.org\/wp-content\/uploads\/2025\/12\/OPENFOTO2025-083-CAWI0217-300x200.jpg\" alt=\"\" width=\"300\" height=\"200\" \/> <img loading=\"lazy\" decoding=\"async\" class=\"alignnone size-medium wp-image-58230\" src=\"https:\/\/www.48hopenhousebarcelona.org\/wp-content\/uploads\/2025\/12\/OPENFOTO2025-082-CAWI0212-300x200.jpg\" alt=\"\" width=\"300\" height=\"200\" \/> <img loading=\"lazy\" decoding=\"async\" class=\"alignnone size-medium wp-image-58228\" src=\"https:\/\/www.48hopenhousebarcelona.org\/wp-content\/uploads\/2025\/12\/OPENFOTO2025-070-CAWI0175-300x200.jpg\" alt=\"\" width=\"300\" height=\"200\" \/> <img loading=\"lazy\" decoding=\"async\" class=\"alignnone size-medium wp-image-58226\" src=\"https:\/\/www.48hopenhousebarcelona.org\/wp-content\/uploads\/2025\/12\/OPENFOTO2025-062-CAWI0152-300x200.jpg\" alt=\"\" width=\"300\" height=\"200\" \/> <img loading=\"lazy\" decoding=\"async\" class=\"alignnone size-medium wp-image-58224\" src=\"https:\/\/www.48hopenhousebarcelona.org\/wp-content\/uploads\/2025\/12\/OPENFOTO2025-057-CAWI0136-300x200.jpg\" alt=\"\" width=\"300\" height=\"200\" \/> <img loading=\"lazy\" decoding=\"async\" class=\"alignnone size-medium wp-image-58222\" src=\"https:\/\/www.48hopenhousebarcelona.org\/wp-content\/uploads\/2025\/12\/OPENFOTO2025-048-CAWI0105-300x200.jpg\" alt=\"\" width=\"300\" height=\"200\" \/> <img loading=\"lazy\" decoding=\"async\" class=\"alignnone size-medium wp-image-58220\" src=\"https:\/\/www.48hopenhousebarcelona.org\/wp-content\/uploads\/2025\/12\/OPENFOTO2025-044-CAWI0090-300x200.jpg\" alt=\"\" width=\"300\" height=\"200\" \/> <img loading=\"lazy\" decoding=\"async\" class=\"alignnone size-medium wp-image-58218\" src=\"https:\/\/www.48hopenhousebarcelona.org\/wp-content\/uploads\/2025\/12\/OPENFOTO2025-037-CAWI0072-300x200.jpg\" alt=\"\" width=\"300\" height=\"200\" \/> <img loading=\"lazy\" decoding=\"async\" class=\"alignnone size-medium wp-image-58216\" src=\"https:\/\/www.48hopenhousebarcelona.org\/wp-content\/uploads\/2025\/12\/OPENFOTO2025-028-CAWI0056-300x200.jpg\" alt=\"\" width=\"300\" height=\"200\" \/>\u00a0<\/p>\r\n\r\n\r\n\r\n<figure class=\"wp-block-gallery has-nested-images columns-default is-cropped\">\r\n\r\n\r\n\r\n\r\n\r\n\r\n\r\n\r\n\r\n\r\n\r\n\r\n\r\n\r\n\r\n\r\n\r\n\r\n\r\n\r\n<h3 class=\"wp-block-heading\"><b><br \/>CONCURS OPEN FOTO \u2013 Premi Josep Llobet<\/b><\/h3>\r\n\r\n\r\n\r\n<p><b>Guanyador: <\/b>Xuan Yin, amb la <a href=\"https:\/\/www.48hopenhousebarcelona.org\/ca\/els-edificis\/torre-diagonal-one\/\" target=\"_blank\" rel=\"noopener\">Torre Diagonal One<\/a><br \/><b>Finalistes: <\/b><strong>2n.<\/strong> Carlos Prieto, amb l&#8217;<a href=\"https:\/\/www.48hopenhousebarcelona.org\/ca\/els-edificis\/hotel-ibis\/\" target=\"_blank\" rel=\"noopener\">Hotel Ibis<\/a>; <strong>3r<\/strong>. N\u00faria Palou, amb l&#8217;<a href=\"https:\/\/www.48hopenhousebarcelona.org\/ca\/els-edificis\/habitatge-les-mont-rogenques\/\" target=\"_blank\" rel=\"noopener\">habitatge les Mont-rogenques<\/a><\/p>\r\n\r\n\r\n\r\n\r\n\r\n<p>Agra\u00efm al jurat del concurs: <b>Antonio Navarro Wijkmark<\/b>, fot\u00f2graf oficial del festival;\u00a0<b>Pedro Vicente<\/b>, professor de la facultat de Belles Arts de la Universitat Polit\u00e8cnica de Val\u00e8ncia; i <b>Elisenda Bonet<\/b>, directora del festival 48h Open House BCN.<\/p>\r\n<p>Igualment, agra\u00efm als col\u00b7laboradors del concurs: Raquel Mart\u00ednez de\u00a0<a href=\"http:\/\/www.cafur.es\/\">Cafur<\/a>\u00a0que patrocina el concurs; el regidor de cultura de l\u2019ajuntament de <a href=\"https:\/\/sjdespi.cat\/\">Sant Joan Desp\u00ed<\/a>, \u00c0lex Medrano, amb l\u2019ampolla <i>Casa de fam\u00edlia<\/i> de Josep Maria Jujol; <a href=\"https:\/\/www.revelab.es\/\">Revelab Studio<\/a>\u00a0amb un pack de fotografia anal\u00f2gica.<\/p>\r\n\r\n\r\n\r\n<h3 class=\"wp-block-heading\"><b>CONCURS OPENGRAM \u2013 Premi Silvia Contreras<\/b><\/h3>\r\n\r\n\r\n\r\n<p>El jurat, format per <b>Nicanor Garc\u00eda<\/b>,<b> <\/b>arquitecte i fot\u00f2graf professional, <b>Elisenda Bonet<\/b>, arquitecta i directora del festival 48h Open House BCN, i <b>Saramba Studio<\/b>, gestores de les xarxes socials de l\u2019associaci\u00f3, va seleccionar els 10 finalistes per triar al guanyador del premi del jurat i del premi popular.\u00a0L\u2019associaci\u00f3 va compartir les 10 fotos finalistes al seu perfil d\u2019Instagram. Les 5 imatges que van obtenir m\u00e9s <em>likes<\/em> van entrar al sorteig que es va fer durant l\u2019acte d\u2019entrega de premis.<\/p>\r\n\r\n\r\n\r\n\r\n\r\n<p><strong>Guanyadora Opengram \u2013 Premi Silvia Contreras:<\/strong> <span class=\"OYPEnA font-feature-liga-off font-feature-clig-off font-feature-calt-off text-decoration-none text-strikethrough-none\">@jglaner<\/span>, amb una foto del <a href=\"https:\/\/www.48hopenhousebarcelona.org\/ca\/els-edificis\/palau-del-marques-dalfarras\/\" target=\"_blank\" rel=\"noopener\">Palau del Marqu\u00e8s d&#8217;Alfarr\u00e0s<\/a><\/p>\r\n\r\n\r\n\r\n<p><strong>Guanyador premi popular Opengram:<\/strong> @spaces.explorer, amb una foto de la <a href=\"https:\/\/www.48hopenhousebarcelona.org\/ca\/els-edificis\/torre-de-bombers-a-la-vall-dhebron\/\" target=\"_blank\" rel=\"noopener\">torre de bombers a la Vall d&#8217;Hebron<\/a><\/p>\r\n\r\n\r\n\r\n<p>Agra\u00efm a <a href=\"https:\/\/www.totcorproject.com\/en\/\" target=\"_blank\" rel=\"noopener\">TotCor<\/a> per donar el premi a la guanyadora del premi del jurat i a <a href=\"https:\/\/www.lacapell.com\" target=\"_blank\" rel=\"noopener\">LaCapell<\/a> per complementar el premi al guanyador popular. Tots els finalistes van rebre la seva foto impresa en alta calidad.<\/p>\r\n\r\n\r\n\r\n<h3 class=\"wp-block-heading\"><b>SORTEIG OPEN SKETCH<\/b><\/h3>\r\n\r\n\r\n\r\n<p>Gr\u00e0cies a la col\u00b7laboraci\u00f3 d\u2019<a href=\"http:\/\/urbansketchersbarcelona.blogspot.com\">Urban Sketchers Barcelona<\/a>\u00a0i <a href=\"https:\/\/www.instagram.com\/dibuixembadalona\/?hl=en\" target=\"_blank\" rel=\"noopener\">Dibuixem Badalona<\/a>, es va dur a terme l\u2019itinerari\u00a0de dibuix a <strong>Badalona<\/strong>, comen\u00e7ant i acabant al <a href=\"https:\/\/www.48hopenhousebarcelona.org\/ca\/els-edificis\/ca-lamigo-i-nou-jardi\/\" target=\"_blank\" rel=\"noopener\"><strong>jard\u00ed nou de Ca l\u2019Amig\u00f3<\/strong><\/a>.<\/p>\r\n\r\n\r\n\r\n<p>Al lliurament de premis, es va fer el sorteig de una targeta regal de la <a href=\"https:\/\/www.lacapell.com\" target=\"_blank\" rel=\"noopener\">LaCapell<\/a>\u00a0entre els participants que van compartir els seus dibuixos en Instagram amb l\u2019etiqueta #Opensketch25.<\/p>\r\n\r\n\r\n\r\n<h3 class=\"wp-block-heading\"><b>EDIFICI 18<\/b><\/h3>\r\n<p>\r\n\r\n<\/p>\r\n<p>Sorgeix fa tres anys amb motiu del tema llan\u00e7at per la Barcelona Design Week (BDW): Design for Human Future i la intenci\u00f3 de llan\u00e7ar un ODS 18 que promogui la import\u00e0ncia del disseny dins dels objectius de l\u2019Agenda 2030. Des del festival 48h Open House BCN, decidim secundar i impulsar aquesta iniciativa, ens vam convertir en socis de la BDW i vam crear el premi EDIFICI 18. Aquest premi s\u2019alinea amb els valors tant nostres com de la BDW per a promoure i destacar un dels edificis que participen en el festival amb el disseny com un element clau en el present i el futur de les persones. Enguany, el festival ha nomenat el <a href=\"https:\/\/www.48hopenhousebarcelona.org\/es\/els-edificis\/bloc-4-de-can-batllo-futura-seu-de-coopolis\/\" target=\"_blank\" rel=\"noopener\">Bloc4BCN \u2013 ESPAI COOPERATIU<\/a>, al Recinte Can Batll\u00f3, com el <strong>EDIFICI 18<\/strong>, amb la idea de ressaltar els valors i la import\u00e0ncia del disseny d\u2019aquest projecte. Els autors i promotors del projecte van assistir a aquest esdeveniment: l&#8217;arquitecte Vicen\u00e7 Beneitez i l&#8217;aparellador Aleix Alexandre; Jordina Ginesta i Anton Andreu de BIM\/SA; Ester Vidal, directora del sServeis d&#8217;Economia Social i Solidaria de l&#8217;Ajuntament de Barcelona; i Oriol Rovira, Maria Jos\u00e9 Nieto, Maria Moreno i Marina Garc\u00eda, membres de l&#8217;equip de gesti\u00f3 de l&#8217;espai cooperatiu Bloc4BCN.<\/p>\r\n\r\n\r\n\r\n<h3 class=\"wp-block-heading\"><b>ENQUESTA DE VALORACI\u00d3 DEL P\u00daBLIC<\/b><\/h3>\r\n\r\n\r\n\r\n<p>Gr\u00e0cies a la <span class=\"OYPEnA font-feature-liga-off font-feature-clig-off font-feature-calt-off text-decoration-none text-strikethrough-none\">donaci\u00f3 del Servei Bicibox (<strong>AMB<\/strong>) per promoure la mobilitat sostenible, <strong>Albert Gassull<\/strong><\/span>, cap del Serveis de l\u2019Espai P\u00fablic de l\u2019AMB, va entregar una bicicleta el\u00e8ctrica a Rosa M. Espin\u00f3s, l&#8217;afortunada del sorteig que es va fer entre\u00a0els qui van completar l\u2019enquesta que formava part del format de registre a l\u2019entrada dels edificis durant el cap de setmana del festival.<\/p>\r\n\r\n\r\n\r\n<p>Vam rebre 2.665 registres de l\u2019enquesta de valoraci\u00f3 del festival. \u00c9s important ressaltar que el <strong>77 % del p\u00fablic no est\u00e0 relacionat amb l&#8217;arquitectura<\/strong>, per al <strong>41 % ha sigut la seva primera vegada al festival<\/strong>, el 63 % visita entre 3 i 5 espais durant tot el cap de setmana, el <strong>52 % pensa que va a ser una bona decisi\u00f3 venir al festival<\/strong> i el <strong>64 % considera que est\u00e0 m\u00e9s ben informada<\/strong> sobre disseny i arquitectura.<\/p>\r\n\r\n\r\n\r\n<p>&nbsp;<\/p>\r\n\r\n\r\n\r\n<h2 class=\"wp-block-heading\">Ens agradaria donar les gr\u00e0cies sinceres per tots els comentaris rebuts sobre el festival, la programaci\u00f3 i la comunicaci\u00f3. Continuem millorant sense oblidar que <strong>som m\u00e9s que el festival que ens dona nom!<\/strong><\/h2>\r\n<p>&nbsp;<\/p>\r\n<p>&nbsp;<\/p>\r\n","protected":false},"excerpt":{"rendered":"<p>El dimecres 26 de novembre s\u2019ha celebrat el lliurament de premis de la 16a edici\u00f3 del festival 48h Open House BCN\u00a0a Juno House, amb finalistes, guanyadors, amics i col\u00b7laboradors.<\/p>\n","protected":false},"author":26,"featured_media":58390,"comment_status":"closed","ping_status":"closed","sticky":false,"template":"nou-format-post.php","format":"standard","meta":{"_acf_changed":false,"footnotes":""},"categories":[1017,641],"tags":[],"class_list":["post-58181","post","type-post","status-publish","format-standard","has-post-thumbnail","hentry","category-festival","category-patrocinis"],"acf":[],"_links":{"self":[{"href":"https:\/\/www.48hopenhousebarcelona.org\/ca\/wp-json\/wp\/v2\/posts\/58181","targetHints":{"allow":["GET"]}}],"collection":[{"href":"https:\/\/www.48hopenhousebarcelona.org\/ca\/wp-json\/wp\/v2\/posts"}],"about":[{"href":"https:\/\/www.48hopenhousebarcelona.org\/ca\/wp-json\/wp\/v2\/types\/post"}],"author":[{"embeddable":true,"href":"https:\/\/www.48hopenhousebarcelona.org\/ca\/wp-json\/wp\/v2\/users\/26"}],"replies":[{"embeddable":true,"href":"https:\/\/www.48hopenhousebarcelona.org\/ca\/wp-json\/wp\/v2\/comments?post=58181"}],"version-history":[{"count":17,"href":"https:\/\/www.48hopenhousebarcelona.org\/ca\/wp-json\/wp\/v2\/posts\/58181\/revisions"}],"predecessor-version":[{"id":58442,"href":"https:\/\/www.48hopenhousebarcelona.org\/ca\/wp-json\/wp\/v2\/posts\/58181\/revisions\/58442"}],"wp:featuredmedia":[{"embeddable":true,"href":"https:\/\/www.48hopenhousebarcelona.org\/ca\/wp-json\/wp\/v2\/media\/58390"}],"wp:attachment":[{"href":"https:\/\/www.48hopenhousebarcelona.org\/ca\/wp-json\/wp\/v2\/media?parent=58181"}],"wp:term":[{"taxonomy":"category","embeddable":true,"href":"https:\/\/www.48hopenhousebarcelona.org\/ca\/wp-json\/wp\/v2\/categories?post=58181"},{"taxonomy":"post_tag","embeddable":true,"href":"https:\/\/www.48hopenhousebarcelona.org\/ca\/wp-json\/wp\/v2\/tags?post=58181"}],"curies":[{"name":"wp","href":"https:\/\/api.w.org\/{rel}","templated":true}]}}