{"id":60508,"date":"2026-03-12T12:05:52","date_gmt":"2026-03-12T12:05:52","guid":{"rendered":"https:\/\/www.48hopenhousebarcelona.org\/?p=60508"},"modified":"2026-03-13T10:25:00","modified_gmt":"2026-03-13T10:25:00","slug":"quinze-dies-de-lopen-barri-dhivern-a-nou-barris","status":"publish","type":"post","link":"https:\/\/www.48hopenhousebarcelona.org\/ca\/quinze-dies-de-lopen-barri-dhivern-a-nou-barris\/","title":{"rendered":"QUINZE DIES DE L&#8217;OPEN BARRI D&#8217;HIVERN A NOU BARRIS"},"content":{"rendered":"<h3><b>Durant quinze dies, l\u2019associaci\u00f3 48h Open House Barcelona ha obert portes i converses a diversos espais de <\/b><strong>Nou Barris amb la edici\u00f3 d\u2019hivern de l\u2019Open Barri<\/strong><b>, una proposta cultural i arquitect\u00f2nica en el marc de la Capitalitat Mundial de l\u2019Arquitectura 2026.<\/b><\/h3>\n<p>&nbsp;<\/p>\n<p><span style=\"font-weight: 400;\">Aquesta festa va comen\u00e7ar el <strong>16 de febrer<\/strong> amb l\u2019obertura de sis llocs desconeguts i inaccessibles amb <a href=\"https:\/\/www.48hopenhousebarcelona.org\/ca\/espais-ocults-open-barri-dhivern-a-nou-barris\/\" target=\"_blank\" rel=\"noopener\">Espais Ocults<\/a> i es va tancar amb <strong>el cap de setmana del 28 de febrer i l\u20191 de mar\u00e7<\/strong> amb les <a href=\"https:\/\/www.48hopenhousebarcelona.org\/ca\/graella\/portes-obertes-hivern\/\" target=\"_blank\" rel=\"noopener\">portes obertes a 28 espais<\/a> per a descobrir-los des de dins, a trav\u00e9s d\u2019explicacions arquitect\u00f2niques per a gaudir del barri amb una mirada distinta.<\/span><\/p>\n<p><b>7.372 persones<\/b><span style=\"font-weight: 400;\"> van participar a totes les activitats de l\u2019Open Barri d\u2019hivern a Nou Barris, aix\u00ed que es referma, amb molta for\u00e7a,<\/span><b> l\u2019inter\u00e8s dels habitants de la ciutat per l\u2019arquitectura i la cultura<\/b><span style=\"font-weight: 400;\">.\u00a0<\/span><span style=\"font-weight: 400;\">El format Open Barri aporta una perspectiva nova al tradicional festival 48h Open House BCN en estendre la seva pres\u00e8ncia durant tot l&#8217;any, aix\u00ed que a m\u00e9s de les ja habituals visites guiades, la combinaci\u00f3 d&#8217;esdeveniments interactius i col\u00b7laboratius ha ofert una plataforma accessible perqu\u00e8 els ciutadans reflexionin sobre el seu entorn arquitect\u00f2nic. <\/span><b>Aquesta proposta implica un fort enfocament de proximitat en treballar directament amb els barris i les comunitats locals<\/b><span style=\"font-weight: 400;\">.<\/span><\/p>\n<p><span style=\"font-weight: 400;\">El primer Open Barri ha perm\u00e8s con\u00e8ixer diferents moments de la hist\u00f2ria de Nou Barris, en un format que ha convidat a deixar-se portar i gaudir de diferents accions: <\/span><b>s\u2019han ofert 31 activitats diverses, a m\u00e9s dels 28 espais oberts durant el cap de setmana<\/b><span style=\"font-weight: 400;\">, que es van reunir en tres eixos: entra, pensa i escolta.<\/span><\/p>\n<h2><span style=\"color: #0000ff;\"><b>ENTRA<\/b><\/span><\/h2>\n<p><b>ESPAIS OCULTS \/ EO<\/b><span style=\"font-weight: 400;\">:<\/span> <span style=\"font-weight: 400;\">es van fer <\/span><b>26 passis a sis Espais Ocults diferents<\/b><span style=\"font-weight: 400;\">, durant les dues setmanes de funcionament de l\u2019Open Barri a Nou Barris. Va participar un total de <strong>317 persones<\/strong>, que van gaudir d\u2019explicacions per part d\u2019experts en visites de petit format que demanen una mirada atenta per apreciar-ne detalls que sovint passen desapercebuts.<\/span><\/p>\n<p><b>PORTES OBERTES<\/b><span style=\"font-weight: 400;\">:<\/span> <span style=\"font-weight: 400;\">les portes obertes del cap de setmana del 28 de febrer i l\u20191 de mar\u00e7 van oferir una programaci\u00f3 variada per descobrir els espais des de dins. Es van realitzar <\/span><b>5.921 visites als 28 espais oberts<\/b><span style=\"font-weight: 400;\"> i es consolida una cita amb l\u2019arquitectura i la cultura per a totes aquelles persones que volen entendre i viure la ciutat des d\u2019una perspectiva m\u00e9s conscient i participativa.<\/span><\/p>\n<p><img loading=\"lazy\" decoding=\"async\" class=\"alignnone size-full wp-image-60528\" src=\"https:\/\/www.48hopenhousebarcelona.org\/wp-content\/uploads\/2026\/03\/entra_OB-NB_1.png\" alt=\"\" width=\"900\" height=\"434\" srcset=\"https:\/\/www.48hopenhousebarcelona.org\/wp-content\/uploads\/2026\/03\/entra_OB-NB_1.png 900w, https:\/\/www.48hopenhousebarcelona.org\/wp-content\/uploads\/2026\/03\/entra_OB-NB_1-300x145.png 300w, https:\/\/www.48hopenhousebarcelona.org\/wp-content\/uploads\/2026\/03\/entra_OB-NB_1-768x370.png 768w, https:\/\/www.48hopenhousebarcelona.org\/wp-content\/uploads\/2026\/03\/entra_OB-NB_1-400x193.png 400w\" sizes=\"auto, (max-width: 900px) 100vw, 900px\" \/><\/p>\n<p><span style=\"font-weight: 400;\">Amb <\/span><a href=\"https:\/\/www.48hopenhousebarcelona.org\/ca\/openbarri-petits-hivern\/\" target=\"_blank\" rel=\"noopener\"><b>l\u2019Open Petits<\/b><\/a><span style=\"font-weight: 400;\">, els menors de 12 anys van trobar un quadernet amb activitats d&#8217;observaci\u00f3, dibuix i preguntes per aprendre sobre arquitectura, sobre el barri i sobre hist\u00f2ria de la ciutat. Aquesta activitat estava a tres edificis dels barris: la antiga masia de <\/span><b>Can Valen<\/b><span style=\"font-weight: 400;\">t, el <\/span><b>Castell de Torre Bar\u00f3<\/b><span style=\"font-weight: 400;\"> i <\/span><b>Can Peguera<\/b><span style=\"font-weight: 400;\">. A m\u00e9s a m\u00e9s, c<\/span><span style=\"font-weight: 400;\">ada Open Barri celebra la identitat gastron\u00f2mica de la seva zona amb <\/span><a href=\"https:\/\/www.48hopenhousebarcelona.org\/ca\/open-cuina\/\" target=\"_blank\" rel=\"noopener\"><b>l\u2019Open Cuina<\/b><\/a><span style=\"font-weight: 400;\">, una tapa que funciona com a retrat cultural, que acosta l&#8217;arquitectura a trav\u00e9s del paladar i que mostra com cada barri expressa la seva identitat tamb\u00e9 des de la cuina. Durant el cap de setmana de portes obertes, el <\/span><b>Bar Bodega Molina<\/b><span style=\"font-weight: 400;\"> i el <\/span><b>Bar Iba\u00f1ez<\/b><span style=\"font-weight: 400;\"> van oferir les <\/span><b>migas del pastor<\/b><span style=\"font-weight: 400;\">, la recepta creada per a Nou Barris, un plat senzill que reflecteix la for\u00e7a d&#8217;una comunitat que se secunda, es barreja i es reinventa.\u00a0<\/span><span style=\"font-weight: 400;\">Durant el cap de setmana, una bicicleta de <a href=\"https:\/\/www.instagram.com\/bicismaria\/?hl=en\" target=\"_blank\" rel=\"noopener\">Bicis Maria<\/a> va viatjar per tots el barris amb la <\/span><a href=\"https:\/\/www.48hopenhousebarcelona.org\/ca\/bustia-de-pensament\/\" target=\"_blank\" rel=\"noopener\"><b>b\u00fastia de pensament<\/b><\/a><span style=\"font-weight: 400;\">. La idea va ser compartir idees, opinions i somnis sobre la zona, el barri, la cultura arquitect\u00f2nica, l\u2019arquitectura i la sostenibilitat, i les pr\u00f2pies activitats de l\u2019Open Barri. La b\u00fastia va rec\u00f3rrer els barris des de la Trinitat Nova fins Porta i el Tur\u00f3 de la Peira.<\/span><\/p>\n<p>&nbsp;<\/p>\n<h2><span style=\"color: #0000ff;\"><b>PENSA<\/b><\/span><\/h2>\n<p><b>BARRIBARCELONA<\/b><span style=\"font-weight: 400;\">: aquesta mostra, organitzada a la seu de la Capitalitat, dona suport al projecte Open Barri d\u2019hivern, de primavera i d\u2019estiu, per a posar el focus en aspectes emocionals i socials. La mostra despla\u00e7a el focus de l&#8217;arquitectura com a objecte a l&#8217;arquitectura com a experi\u00e8ncia viscuda, posant en primer pla l&#8217;habitatge com a dret, la comunitat com a infraestructura i la mem\u00f2ria dom\u00e8stica com a eina cr\u00edtica. El 17 de febrer es va inaugurar l\u2019exposici\u00f3 amb una visita guiada a c\u00e0rrec de la comiss\u00e0ria i, f<\/span><span style=\"font-weight: 400;\">ins l\u20191 de mar\u00e7, dia de tancament de l\u2019exposici\u00f3, la van visitar <strong>1.000 persones<\/strong>, ve\u00efnes de l\u2019Eixample o interessades en la capitalitat mundial.<\/span><\/p>\n<p><b>CEL OBERT<\/b><span style=\"font-weight: 400;\">: durant les setmanes que va durar l\u2019Open Barri d\u2019hivern, es va poder descobrir el projecte <\/span><i><span style=\"font-weight: 400;\">pop-up<\/span><\/i><span style=\"font-weight: 400;\"> de muse\u00eftzaci\u00f3 d&#8217;arquitectura amb la disposici\u00f3 d\u2019un vinil blau de 20&#215;20 cms. amb un QR a cada edifici que va participar dins de la programaci\u00f3 de les portes obertes. Aquest codi identifica cada espai i enlla\u00e7a amb la seva descripci\u00f3 i informaci\u00f3 espec\u00edfica.<\/span><\/p>\n<p><b>GEOCACHING OPEN BARRI<\/b><span style=\"font-weight: 400;\">: la geocerca \u00e9s un joc de descoberta a l\u2019aire lliure que fa servir el m\u00f2bil o el GPS per localitzar petits amagatalls. Es van amagar tres geocontenidors per Nou Barris per a explorar l\u2019entorn: connectar espais, hist\u00f2ries i traces del passat amb la vida quotidiana d\u2019avui. Al trobar un dells, es signe el quadern que hi ha a l\u2019interior i es torna a deixar al mateix lloc per a continuar l\u2019experi\u00e8ncia. En aquesta proposta s\u2019hi pot participar abans, durant o despr\u00e9s de l\u2019Open Barri.\u00a0<\/span><\/p>\n<p><b>TALLER DE MEM\u00d2RIA FOTOGR\u00c0FICA<\/b><span style=\"font-weight: 400;\">: aquest taller, fet en col\u00b7laboraci\u00f3 amb l\u2019Arxiu Hist\u00f2ric de Roquetes &#8211; Nou Barris, va impulsar un cerca col\u00b7lectiva de fotografies per a reconstruir hist\u00f2ries poc visibles i reivindicar el passat recent del barri. Es va dur a terme el 18 de febrer, va estar condu\u00eft per la arquitecta i historiadora de l\u2019art Marta Piera, i es va comptar amb la col\u00b7laboraci\u00f3 de la Nirvana Amaya, historiadora de l\u2019art, arxivera i ve\u00efna de Nou Barris. Van assistir <strong>20 persones<\/strong>.<\/span><\/p>\n<p><b>EL PATRIMONI PERDUT DE NOU BARRIS<\/b><span style=\"font-weight: 400;\">: va ser una xerrada per a abordar l\u2019arquitectura, l\u2019urbanisme i el patrimoni perdut o esborrat i connectar-los amb els processos de transformaci\u00f3 urbana dels barris. La sessi\u00f3 es va fer el dia 26 de febrer a l\u2019Escola Superior de Conservaci\u00f3 i Restauraci\u00f3 de B\u00e9ns Culturals de Catalunya. Va comptar amb l\u2019assist\u00e8ncia de <strong>55 persones<\/strong> del barri i amb l\u2019aportaci\u00f3 de la Montse Argente de l\u2019Arxiu Hist\u00f2ric de Roquetes, la J\u00falia Brull Palou d\u2019Oasiurb\u00e0, i l\u2019Angie i la Camila de Descoloniza BCN Tour. La Nirvana Amaya va ser la dinamitzadora del debat obert del final.<\/span><\/p>\n<p><img loading=\"lazy\" decoding=\"async\" class=\"alignnone size-full wp-image-60531\" src=\"https:\/\/www.48hopenhousebarcelona.org\/wp-content\/uploads\/2026\/03\/pensa_OB-NB.png\" alt=\"\" width=\"860\" height=\"294\" srcset=\"https:\/\/www.48hopenhousebarcelona.org\/wp-content\/uploads\/2026\/03\/pensa_OB-NB.png 860w, https:\/\/www.48hopenhousebarcelona.org\/wp-content\/uploads\/2026\/03\/pensa_OB-NB-300x103.png 300w, https:\/\/www.48hopenhousebarcelona.org\/wp-content\/uploads\/2026\/03\/pensa_OB-NB-768x263.png 768w, https:\/\/www.48hopenhousebarcelona.org\/wp-content\/uploads\/2026\/03\/pensa_OB-NB-400x137.png 400w\" sizes=\"auto, (max-width: 860px) 100vw, 860px\" \/><\/p>\n<h2><span style=\"color: #3366ff;\"><b><br \/>\nESCOLTA<\/b><\/span><\/h2>\n<p><b>M\u00daSICA x ARQUITECTURA \/ MxA<\/b><span style=\"font-weight: 400;\">: el <strong>21 de febrer<\/strong> es va arribar a Nou Barris amb MxA amb un format de tres propostes, una a Vallbona, a la que van participar 15 persones, i les dues \u00faltimes a la Casa de l\u2019Aigua de Trinitat Nova, que va comptar amb l\u2019assist\u00e8ncia de <strong>59 persones<\/strong>:<\/span><\/p>\n<ol>\n<li style=\"font-weight: 400;\" aria-level=\"1\"><span style=\"font-weight: 400;\">El <strong>TALLER DE PAISATGE SONOR<\/strong> del Col\u00b7lectiu CAMARAC va ser un passeig per l\u2019\u00faltima gran horta de Barcelona al barri de Vallbona. En aquesta ruta sonora es va reflexionar sobre el paisatge sonor d\u2019aquest indret tan divers, la contaminaci\u00f3 ac\u00fastica i s\u2019aprofitar\u00e0 per fer un rep\u00e0s de l\u2019evoluci\u00f3 hist\u00f2rica del barri.<\/span><\/li>\n<li style=\"font-weight: 400;\" aria-level=\"1\"><span style=\"font-weight: 400;\"><strong>MxA-V\u00cdDEO<\/strong> va recollir cinc v\u00eddeos presentats dins el concurs internacional de v\u00eddeo experimental dels anys 2023 al 2025 i que es centren en parlar i explicar la perif\u00e8ria, l\u2019habitar en les vores, l\u2019ocupaci\u00f3 d\u2019espais liminars, la intensa transformaci\u00f3 urbana i les lluites ve\u00efnals. Aquesta part es va titular <\/span><i><span style=\"font-weight: 400;\">Cinc films perif\u00e8rics<\/span><\/i><span style=\"font-weight: 400;\"> i es van presentar:\u00a0<\/span><span style=\"font-weight: 400;\">Ciudad futuro, de Nicol\u00e1s F. Montes (Espanya, 2024);\u00a0<\/span><span style=\"font-weight: 400;\">Insular, d\u2019Adri\u00e1n Le\u00f3n Arocha (Espanya, 2022);\u00a0<\/span><span style=\"font-weight: 400;\">Move, de Vanessa Cardui (Alemanya, 2022);\u00a0<\/span><span style=\"font-weight: 400;\">Subdivided Lives: Portraits from the Kathmandu Valley, de Joshua Bolchover i Kent Mundle (Hong Kong, 2024);\u00a0<\/span><span style=\"font-weight: 400;\">Una part\u00edcula en suspensi\u00f3n m\u00e1s all\u00e1 del universo, de Juan Lesta (Espanya, 2020).<\/span><\/li>\n<li aria-level=\"1\"><span style=\"font-weight: 400;\">Despr\u00e9s del recorregut inicial, l\u2019esdeveniment es tanca amb la continuaci\u00f3 de la tem\u00e0tica de l\u2019aigua: <strong>MxA-CONCERT<\/strong> va consistir en la intervenci\u00f3 sonora i visual de Mark Allen Soul i Continental Breakfast, que va reomplir els antics camins de l\u2019aigua a l\u2019edifici de la Casa de l\u2019Aigua.\u00a0<\/span><\/li>\n<\/ol>\n<p><b>TRES PUNTS DE FUGA<\/b><span style=\"font-weight: 400;\">: des de l\u2019associaci\u00f3, es va crear aquest espai divulgatiu per a parlar de la ciutat i de l&#8217;arquitectura per\u00f2 no com s\u2019ha explicat sempre. El <strong>27 de febrer a l\u2019Ateneu La B\u00f2bila<\/strong> es va enregistrar aquest programa de r\u00e0dio que busca hist\u00f2ries \u00faniques de persones que viuen, treballen, pateixen i gaudeixen de la ciutat. E<\/span><span style=\"font-weight: 400;\">l <\/span><b>Pedro Garc\u00eda<\/b><span style=\"font-weight: 400;\"> (arquitecte, professor i doctor en arquitectura) va moderar i entrevistar a dos persones significatives del barri: <\/span><b>Dani Ruiz<\/b><span style=\"font-weight: 400;\">, artista i activista, creador del projecte L\u2019altra ciutat, des d\u2019on documenta la vida quotidiana i les realitats del barris de Barcelona que sovint queden fora del relat oficial; i <\/span><b>Ramon Casanovas<\/b><span style=\"font-weight: 400;\">, arquitecte i cap del Departament d\u2019Obres i Manteniment del Districte de Nou Barris. Es va comptar amb la participaci\u00f3 de l\u2019Elisenda Bonet, arquitecta i presidenta de l\u2019associaci\u00f3 cultural 48h Open House Barcelona, per a donar una mirada al projecte Open Barri.<\/span><\/p>\n<p><span style=\"font-weight: 400;\">El programa de r\u00e0dio ara forma part de RADIOMEDIA ARQUITECTURA, un recopilatori atemporal de m\u00e8dia (\u00e0udios, v\u00eddeos, textos\u2026) creat per arquitectes, autors, entitats i associacions expertes que transmeten el seu coneixement amb emoci\u00f3 i comprom\u00eds cap a la ciutat i la seva arquitectura.<\/span><\/p>\n<p><img loading=\"lazy\" decoding=\"async\" class=\"alignnone size-full wp-image-60534\" src=\"https:\/\/www.48hopenhousebarcelona.org\/wp-content\/uploads\/2026\/03\/escolta_OB-NB.png\" alt=\"\" width=\"553\" height=\"439\" srcset=\"https:\/\/www.48hopenhousebarcelona.org\/wp-content\/uploads\/2026\/03\/escolta_OB-NB.png 553w, https:\/\/www.48hopenhousebarcelona.org\/wp-content\/uploads\/2026\/03\/escolta_OB-NB-300x238.png 300w, https:\/\/www.48hopenhousebarcelona.org\/wp-content\/uploads\/2026\/03\/escolta_OB-NB-400x318.png 400w\" sizes=\"auto, (max-width: 553px) 100vw, 553px\" \/><\/p>\n<h3>Ens veiem del 13 al 26 d&#8217;abril en l&#8217;Open Barri de primavera a La Marina. Aviat, m\u00e9s per venir!<\/h3>\n<p>&nbsp;<\/p>\n<p><img loading=\"lazy\" decoding=\"async\" class=\"alignnone wp-image-59847 size-full\" src=\"https:\/\/www.48hopenhousebarcelona.org\/wp-content\/uploads\/2025\/12\/Patrocinadors_OpenBarri_hivern.jpg\" alt=\"\" width=\"800\" height=\"530\" srcset=\"https:\/\/www.48hopenhousebarcelona.org\/wp-content\/uploads\/2025\/12\/Patrocinadors_OpenBarri_hivern.jpg 800w, https:\/\/www.48hopenhousebarcelona.org\/wp-content\/uploads\/2025\/12\/Patrocinadors_OpenBarri_hivern-300x199.jpg 300w, https:\/\/www.48hopenhousebarcelona.org\/wp-content\/uploads\/2025\/12\/Patrocinadors_OpenBarri_hivern-768x509.jpg 768w, https:\/\/www.48hopenhousebarcelona.org\/wp-content\/uploads\/2025\/12\/Patrocinadors_OpenBarri_hivern-400x265.jpg 400w\" sizes=\"auto, (max-width: 800px) 100vw, 800px\" \/><\/p>\n<p>&nbsp;<\/p>\n<p>&nbsp;<\/p>\n<p>&nbsp;<\/p>\n","protected":false},"excerpt":{"rendered":"<p>Durant quinze dies, l\u2019associaci\u00f3 48h Open House Barcelona ha obert portes i converses a diversos espais de Nou Barris <\/p>\n","protected":false},"author":26,"featured_media":59684,"comment_status":"closed","ping_status":"closed","sticky":false,"template":"nou-format-post.php","format":"standard","meta":{"_acf_changed":false,"footnotes":""},"categories":[1101],"tags":[],"class_list":["post-60508","post","type-post","status-publish","format-standard","has-post-thumbnail","hentry","category-open-barri"],"acf":[],"_links":{"self":[{"href":"https:\/\/www.48hopenhousebarcelona.org\/ca\/wp-json\/wp\/v2\/posts\/60508","targetHints":{"allow":["GET"]}}],"collection":[{"href":"https:\/\/www.48hopenhousebarcelona.org\/ca\/wp-json\/wp\/v2\/posts"}],"about":[{"href":"https:\/\/www.48hopenhousebarcelona.org\/ca\/wp-json\/wp\/v2\/types\/post"}],"author":[{"embeddable":true,"href":"https:\/\/www.48hopenhousebarcelona.org\/ca\/wp-json\/wp\/v2\/users\/26"}],"replies":[{"embeddable":true,"href":"https:\/\/www.48hopenhousebarcelona.org\/ca\/wp-json\/wp\/v2\/comments?post=60508"}],"version-history":[{"count":14,"href":"https:\/\/www.48hopenhousebarcelona.org\/ca\/wp-json\/wp\/v2\/posts\/60508\/revisions"}],"predecessor-version":[{"id":60565,"href":"https:\/\/www.48hopenhousebarcelona.org\/ca\/wp-json\/wp\/v2\/posts\/60508\/revisions\/60565"}],"wp:featuredmedia":[{"embeddable":true,"href":"https:\/\/www.48hopenhousebarcelona.org\/ca\/wp-json\/wp\/v2\/media\/59684"}],"wp:attachment":[{"href":"https:\/\/www.48hopenhousebarcelona.org\/ca\/wp-json\/wp\/v2\/media?parent=60508"}],"wp:term":[{"taxonomy":"category","embeddable":true,"href":"https:\/\/www.48hopenhousebarcelona.org\/ca\/wp-json\/wp\/v2\/categories?post=60508"},{"taxonomy":"post_tag","embeddable":true,"href":"https:\/\/www.48hopenhousebarcelona.org\/ca\/wp-json\/wp\/v2\/tags?post=60508"}],"curies":[{"name":"wp","href":"https:\/\/api.w.org\/{rel}","templated":true}]}}