{"id":14306,"date":"2019-11-15T10:20:31","date_gmt":"2019-11-15T10:20:31","guid":{"rendered":"https:\/\/www.48hopenhousebarcelona.org\/?p=14306"},"modified":"2022-05-11T14:57:52","modified_gmt":"2022-05-11T14:57:52","slug":"mujeres-arquitectas","status":"publish","type":"post","link":"https:\/\/www.48hopenhousebarcelona.org\/es\/mujeres-arquitectas\/","title":{"rendered":"Mujeres arquitectas"},"content":{"rendered":"<p>Soy <strong>Pilar Casas Mur<\/strong>, arquitecta que representa, en esta d\u00e9cima edici\u00f3n del festival, el tema destacado del a\u00f1o: <strong>&#8216;Mujeres Arquitectas&#8217;<\/strong>. Por primera vez mi retrato pasa por delante de mi obra, un retrato a la vez detallado e impersonal que representa a una mujer arquitecta de cualquier edad y condici\u00f3n.<\/p>\n<p>Este a\u00f1o, con el objetivo de contribuir a naturalizar la figura de la mujer en el sector de la arquitectura, hemos escogido para la imagen gr\u00e1fica del evento, a diez mujeres especialistas en diferentes campos de la profesi\u00f3n . Cinco de ellas representan las diferentes ciudades que participan en el festival: <strong>Blanca Noguera<\/strong>, especialista en espacio p\u00fablico y autora del parque de Can Zam, con la AMB, en Santa Coloma de Gramenet; <strong>Montserrat Hosta<\/strong>, especialista en planeamiento urban\u00edstico y arquitecta del edificio de Cal Notari, en Vilassar de Dalt; <strong>Natalia Ojeda<\/strong>, como representante del equipo de restauraci\u00f3n de Torre de la Cruz, en Sant Joan Desp\u00ed; <strong>Pepita Teixidor<\/strong>, ex redactor de la revista Cuadernos de Arquitectura y autora del proyecto de oficinas municipales El Viver, en Badalona, \u200b\u200by <strong>Meritxell Inaraja<\/strong>, especialista en rehabilitaci\u00f3n del patrimonio y autora de la obra de Can Colom, en L&#8217;Hospitalet de Llobregat.<\/p>\n<p>Cinco mujeres m\u00e1s representan las diferentes secciones del festival: <strong>Imma Jansana<\/strong>, paisajista que representa la secci\u00f3n Open Green; <strong>Carme Pin\u00f3s<\/strong>, arquitecta de la plaza de la Gardunya, la Escola Massana y las viviendas que configuran el conjunto de la plaza, como representaci\u00f3n del Open Infraestructuras; <strong>Benedetta Tagliabue<\/strong>, autora del edificio Kalida Sant Pau, como representante del Open Social; <strong>Natali Canas<\/strong>, como representante del Open Kitchen, y <strong>Maria Sisternas<\/strong>, para la Arquitectura del agua.<\/p>\n<p>En el 20% de los 200 edificios que se podr\u00e1n visitar durante el festival han intervenido mujeres en su proceso de dise\u00f1o y ejecuci\u00f3n: la campa\u00f1a de comunicaci\u00f3n las destaca y las da a conocer. Estas mujeres arquitectas han transformado de forma \u00fatil y creativa, por ejemplo, f\u00e1bricas en desuso como el edificio de La Ciba, en Santa Coloma de Gramenet; las Viviendas de Fabra i Coats, en Sant Andreu, o un espacio de trabajo inclusivo y saludable en el 22@.<\/p>\n<p>La imagen de la postal es un homenaje a las mujeres de la escuela de arte, dise\u00f1o y arquitectura de la <strong>Bauhaus<\/strong>, que este a\u00f1o celebra su centenario: m\u00e1s de 460 mujeres pasaron en un clima no igualitario.<\/p>\n<h3><img loading=\"lazy\" decoding=\"async\" class=\"alignnone wp-image-7695\" src=\"https:\/\/www.48hopenhousebarcelona.org\/wp-content\/uploads\/2019\/10\/donesbauhaus-238x300.jpg\" alt=\"\" width=\"169\" height=\"213\" srcset=\"https:\/\/www.48hopenhousebarcelona.org\/wp-content\/uploads\/2019\/10\/donesbauhaus-238x300.jpg 238w, https:\/\/www.48hopenhousebarcelona.org\/wp-content\/uploads\/2019\/10\/donesbauhaus-400x503.jpg 400w, https:\/\/www.48hopenhousebarcelona.org\/wp-content\/uploads\/2019\/10\/donesbauhaus-768x966.jpg 768w, https:\/\/www.48hopenhousebarcelona.org\/wp-content\/uploads\/2019\/10\/donesbauhaus.jpg 814w\" sizes=\"auto, (max-width: 169px) 100vw, 169px\" \/><\/h3>\n<h3><a class=\"md-btn button shortcode_button uk-light\" href=\"https:\/\/www.48hopenhousebarcelona.org\/es\/seccion\/mujeres-arquitectas\/\">PROGRAMACI\u00d3N MUJERES ARQUITECTAS<\/a><\/h3>\n<h3><span style=\"color: #333333;\"><strong>OTRAS ACTIVIDADES<\/strong><\/span><\/h3>\n<p><strong>OPEN PRO:<\/strong><br \/>\nJueves 17 de octubre a las 18 h<br \/>\nSala de actos del Colegio de Arquitectos de Catalu\u00f1a<br \/>\nParticipaci\u00f3n de Elisenda Bonet, presidenta de la asociaci\u00f3n 48h Open House Barcelona, en la jornada \u00abEl rol de las mujeres profesionales\u00bb; organizada por el Colegio de Arquitectos de Catalu\u00f1a.<\/p>\n<a class=\"md-btn button shortcode_button uk-light\" href=\"https:\/\/arquitectes.cat\/ca\/content\/parlem-al-coac-sobre-el-rol-de-les-dones-professionals-en-una-jornada-de-lassociaci%C3%B3?utm_source=COAC&amp;amp;utm_campaign=3e6c353a4c-EMAIL_CAMPAIGN_2019_05_14_09_22_COPY_01&amp;amp;utm_medium=email&amp;amp;utm_term=0_36e2b7bcec-3e6c353a4c-123777189\">M\u00e1s informaci\u00f3n de la Charla<\/a>\n<p><strong>VIQUIMARAT\u00d3N. <\/strong><strong>Mujeres Arquitectas en la Viquipedia: \u00ab10 a\u00f1os, 10 mujeres\u00bb<\/strong><br \/>\nS\u00e1bado 19 de octubre de 10 a 14 h<br \/>\nLibrer\u00eda La Capell (Colegio de Arquitectos de Catalu\u00f1a)<\/p>\n<p>Creamos y\/o ampliamos entradas en la Viquipedia de 10 mujeres arquitectas que han participado en los 10 a\u00f1os del festival: Anna Bassat, Conxita Balcells, Teresa Batlle, Lola Dom\u00e8nech, Meritxell Inaraja, Marta Peris, Eva Serrats, Carme Pigem y Carme Ribas. T\u00fa tambi\u00e9n puedes participar!<\/p>\n<a class=\"md-btn button shortcode_button uk-light\" href=\"https:\/\/docs.google.com\/forms\/d\/e\/1FAIpQLSdR56VD6OPkefEu2vs4RULbDn6hzaA-YDBn6xRj8G9ffUqTxw\/viewform\">Participa a la Viquimarat\u00f3<\/a>\n","protected":false},"excerpt":{"rendered":"<p>Soy Pilar Casas Mur, arquitecta que representa, en esta d\u00e9cima edici\u00f3n del festival<\/p>\n","protected":false},"author":2,"featured_media":14271,"comment_status":"closed","ping_status":"closed","sticky":false,"template":"","format":"standard","meta":{"_acf_changed":false,"footnotes":""},"categories":[330],"tags":[],"class_list":["post-14306","post","type-post","status-publish","format-standard","has-post-thumbnail","hentry","category-noticias"],"acf":[],"_links":{"self":[{"href":"https:\/\/www.48hopenhousebarcelona.org\/es\/wp-json\/wp\/v2\/posts\/14306","targetHints":{"allow":["GET"]}}],"collection":[{"href":"https:\/\/www.48hopenhousebarcelona.org\/es\/wp-json\/wp\/v2\/posts"}],"about":[{"href":"https:\/\/www.48hopenhousebarcelona.org\/es\/wp-json\/wp\/v2\/types\/post"}],"author":[{"embeddable":true,"href":"https:\/\/www.48hopenhousebarcelona.org\/es\/wp-json\/wp\/v2\/users\/2"}],"replies":[{"embeddable":true,"href":"https:\/\/www.48hopenhousebarcelona.org\/es\/wp-json\/wp\/v2\/comments?post=14306"}],"version-history":[{"count":2,"href":"https:\/\/www.48hopenhousebarcelona.org\/es\/wp-json\/wp\/v2\/posts\/14306\/revisions"}],"predecessor-version":[{"id":36889,"href":"https:\/\/www.48hopenhousebarcelona.org\/es\/wp-json\/wp\/v2\/posts\/14306\/revisions\/36889"}],"wp:featuredmedia":[{"embeddable":true,"href":"https:\/\/www.48hopenhousebarcelona.org\/es\/wp-json\/wp\/v2\/media\/14271"}],"wp:attachment":[{"href":"https:\/\/www.48hopenhousebarcelona.org\/es\/wp-json\/wp\/v2\/media?parent=14306"}],"wp:term":[{"taxonomy":"category","embeddable":true,"href":"https:\/\/www.48hopenhousebarcelona.org\/es\/wp-json\/wp\/v2\/categories?post=14306"},{"taxonomy":"post_tag","embeddable":true,"href":"https:\/\/www.48hopenhousebarcelona.org\/es\/wp-json\/wp\/v2\/tags?post=14306"}],"curies":[{"name":"wp","href":"https:\/\/api.w.org\/{rel}","templated":true}]}}