{"id":28804,"date":"2020-11-07T12:14:32","date_gmt":"2020-11-07T12:14:32","guid":{"rendered":"https:\/\/www.48hopenhousebarcelona.org\/?p=28804"},"modified":"2020-12-01T11:24:42","modified_gmt":"2020-12-01T11:24:42","slug":"barcelona-a-ohww-movilidad-e-infraestructura","status":"publish","type":"post","link":"https:\/\/www.48hopenhousebarcelona.org\/es\/barcelona-a-ohww-movilidad-e-infraestructura\/","title":{"rendered":"Barcelona a OHWW: Movilidad e infraestructura"},"content":{"rendered":"<div>\n<div>\n<p><em>(info disponible nom\u00e9s en<a href=\"https:\/\/www.48hopenhousebarcelona.org\/barcelona-a-open-house-worldwide-infraestructura-i-mobilitat\/\"> catal\u00e0\u00a0<\/a>\u00a0o en <a href=\"https:\/\/www.48hopenhousebarcelona.org\/ohb-to-ohww-infrastructure\/\">ingl\u00e9s<\/a>)<\/em><\/p>\n<h3>L&#8217;associaci\u00f3 48h Open House Barcelona participa al primer festival online Open House Worldwide del 14 i 15 de novembre parlant d&#8217;infraestructura i habitatge social.<\/h3>\n<p><strong>Per primera vegada, les m\u00e9s de 40 ciutats Open House del m\u00f3n, hem organitzat un festival en un moment que ha esdevingut evident que els\u00a0debats dels barris, ciutats i pa\u00efsos s\u00f3n reptes compartits a tot el m\u00f3n. <\/strong><\/p>\n<p>Comptarem amb arquitectes, dissenyadors, urbanistes i ciutadans de les ciutats Open House per con\u00e8ixer, debatre i avan\u00e7ar sobre els temes que ens plantegem a Barcelona i a tot el m\u00f3n, des de el canvi clim\u00e0tic, el transport i les infraestructures, els habitatges fins al disseny de la ciutat post covid.<\/p>\n<p>El festival dura 48 hores seguides i el programa est\u00e0 dividit per tem\u00e0tiques, compartides amb altres ciutats. El 4<strong>8h Open House Barcelona<\/strong> participa al <strong>bloc d&#8217;Infraestructures<\/strong>\u00a0amb Viena i Oslo, i al bloc tem\u00e0tic d<strong>&#8216;Habitatge<\/strong> amb Buenos Aires i Viena.<\/p>\n<p><iframe loading=\"lazy\" title=\"Barcelona Mediterranean City\" width=\"640\" height=\"360\" src=\"https:\/\/www.youtube.com\/embed\/KE9-PSECLis?feature=oembed\" frameborder=\"0\" allow=\"accelerometer; autoplay; clipboard-write; encrypted-media; gyroscope; picture-in-picture; web-share\" referrerpolicy=\"strict-origin-when-cross-origin\" allowfullscreen><\/iframe><\/p>\n<p>&nbsp;<\/p>\n<\/div>\n<p><em><strong>INFRAESTRUCTURA<\/strong><\/em><\/p>\n<h3><strong><span style=\"font-family: arial, sans-serif;\">BARCELONA: L\u2019ADAPTACI\u00d3 DEL PLA CERD\u00c0 A LA MOBILITAT DEL SEGLE XXI. <span style=\"color: #666666;\">NOUS REPTES DE LA MOBILITAT URBANA I INTERURBANA<\/span><\/span><\/strong><\/h3>\n<p><strong>Dissabte 14 de novembre a les 19 h<\/strong> (6 pm hora de Londres &#8211; i la que posa al seu web).<\/p>\n<p>VOS: audio en catal\u00e0 i subt\u00edtols en angl\u00e8s.<\/p>\n<p><a href=\"https:\/\/www.openhouseworldwide.org\/festival?loxi_pathname=%2Fnew-challenges-in-urban-mobility-adapting-the-cerda-expansion-to-the-21st-century-80\">Veure info a Open House Worldwide<\/a><\/p>\n<p><span style=\"font-family: arial, sans-serif;\">El Pla de Reforma i Eixample de la ciutat de Barcelona, conegut com a Pla Cerd\u00e0 (1859), va ser dissenyat per donar respostes a una ciutat insalubre i oprimida situada dins les muralles. Pel que fa a la mobilitat, el pla estructurava la ciutat a partir tres eixos de connexi\u00f3 amb el territori (la pen\u00ednsula Ib\u00e8rica, el litoral mediterrani i Europa); i a partir d\u2019una trama de carrers int<\/span><\/p>\n<p><span style=\"font-family: arial, sans-serif;\">eriors (orientats per aprofitar la direcci\u00f3 dels vents) que tenien una amplada generosa preveient l\u2019arribada del vehicle motoritzat. A m\u00e9s a m\u00e9s, en la seva visi\u00f3 de futur, el planejament incorporava el tra\u00e7at de les vies ferrovi\u00e0ries.\u00a0<\/span><\/p>\n<div dir=\"ltr\">\n<div dir=\"ltr\">\n<div dir=\"ltr\">\n<p dir=\"ltr\"><span style=\"font-family: arial, sans-serif;\">L\u2019associaci\u00f3 48h Open House Barcelona presenta una xerrada (en diferit) entre diferents institucions i t\u00e8cnics que treballen sobre la mobilitat de la ciutat actual: un t\u00e8cnic de l\u2019\u00e0rea metropolitana explicar\u00e0 com es planteja una mobilitat interurbana eficient a la primera i segona corona de la ciutat; des de l\u2019ajuntament de Barcelona ens parlaran sobre la mobilitat urbana i com els nous models que s\u2019introdueixen per reduir la contaminaci\u00f3 a la ciutat capgiren el model Cerd\u00e0 que ens ha arribat avui dia. Finalment, comptarem amb la visi\u00f3 transversal i l\u2019opini\u00f3 lliure d\u2019una arquitecta, divulgadora i consultora independent a les institucions.<\/span><\/p>\n<\/div>\n<\/div>\n<\/div>\n<div dir=\"ltr\">\n<div dir=\"ltr\">\n<div dir=\"ltr\">\n<p dir=\"ltr\"><strong><span style=\"font-family: arial, sans-serif;\">Participants<\/span><\/strong><\/p>\n<p><span style=\"font-family: arial, sans-serif;\">Presentaci\u00f3 a c\u00e0rrec de <strong>Gabriele Palma<\/strong>, director de Casa SEAT.<\/span><\/p>\n<p><span style=\"font-family: arial, sans-serif;\"><strong>Xavier Mari\u00f1o<\/strong>, arquitecte i cap del Servei de Redacci\u00f3 del Pla Director de l\u2019\u00c0rea de Desenvolupament de Pol\u00edtiques Urban\u00edstiques (AMB).\u00a0<\/span>@xav_marino \/ @pdumetropolita<\/p>\n<p><span style=\"font-family: arial, sans-serif;\"><strong>Maria Sisternas<\/strong>, arquitecta, cofundadora de Mediaurban i experta en transformaci\u00f3 urbana.\u00a0<\/span>@mariasisternas<\/p>\n<p><span style=\"font-family: arial, sans-serif;\"><strong>Xavi Matilla<\/strong>, arquitecte en cap d\u2019u<\/span><span style=\"font-family: arial, sans-serif;\">rbanisme de l\u2019Ajuntame<\/span><span style=\"font-family: arial, sans-serif;\">nt de Barcelona.\u00a0<\/span>@xavimatilla<\/p>\n<p>Modera\u00a0<span style=\"font-family: arial, sans-serif;\"><strong>Elisenda Bonet<\/strong>, arquitecta i directora del festival 48h Open House Barcelona.\u00a0<\/span><\/p>\n<p>Consulta tota la <a href=\"https:\/\/www.openhouseworldwide.org\/festival\">programaci\u00f3 del festival Open House Worldwide<\/a>.<\/p>\n<\/div>\n<\/div>\n<\/div>\n<\/div>\n<h4><strong>Descripci\u00f3 dels participants:<\/strong><\/h4>\n<div><span style=\"font-family: arial, sans-serif;\"><strong>Xavier Mari\u00f1o<\/strong>, arquitecte i cap del Servei de Redacci\u00f3 del Pla Director de l\u2019\u00c0rea de Desenvolupament de Pol\u00edtiques Urban\u00edstiques (AMB).<\/span><\/div>\n<p style=\"padding-left: 40px;\"><span style=\"font-weight: 400;\">Arquitecte per l&#8217;ETSAB-UPC des del 2003, ha desenvolupat la seva carrera professional principalment en el m\u00f3n de la planificaci\u00f3 urban\u00edstica i territorial en el sector p\u00fablic, amb excepci\u00f3 d&#8217;una intensa etapa (2007-2011) centrada en projectes urbans i d&#8217;edificaci\u00f3, en el sector privat. El\u00a0<\/span><span style=\"font-weight: 400;\">1998 va comen\u00e7ar a \u00a0col\u00b7laborar en el Departament d&#8217;Urbanisme i Ordenaci\u00f3 del Territori de l&#8217;ETSAB-UPC, participant en estudis, projectes urbans i planejament urban\u00edstic de l&#8217;entorn metropolit\u00e0, coordinats pels arquitectes Maria Rubert de Vent\u00f3s i\u00a0 Josep Parcerisa i Bund\u00f3 fins el 2005, on exerceix com assessor t\u00e8cnic extern de l&#8217;AMB fins el 2007.\u00a0<\/span><span style=\"font-weight: 400;\">Des del 2011 forma part de la Direcci\u00f3 de Serveis d&#8217;Urbanisme de l&#8217;AMB, primer com arquitecte del Servei de Planejament Territorial i Director, participant entre d&#8217;altres en la redacci\u00f3 del Pla Especial de protecci\u00f3 i millora del Parc Agrari del Baix i Llobregat i formant part de la pon\u00e8ncia t\u00e8cnica de la Comissi\u00f3 Territorial d&#8217;Urbanisme de l&#8217;\u00e0mbit Metropolit\u00e0 i, des del 2015, com a Cap del Servei de redacci\u00f3 del Pla director, coordinant totes les feines vinculades al proc\u00e9s de redacci\u00f3 del PDU.\u00a0<\/span><span style=\"font-weight: 400;\">En paral\u00b7lel, ha coordinat i col\u00b7laborat en diversos articles, publicacions i exposicions; compaginant-ho com a professor convidat en diferents cursos de M\u00e0ster i Postgrau vinculats a la planificaci\u00f3, de diverses universitats p\u00fabliques i privades.\u00a0<\/span><\/p>\n<p>&nbsp;<\/p>\n<p><span style=\"font-family: arial, sans-serif;\"><strong>Maria Sisternas<\/strong>, arquitecta, cofundadora de Mediaurban i experta en transformaci\u00f3 urbana.<\/span><\/p>\n<p><span style=\"font-weight: 400;\">@mariasisternas\u00a0<\/span><\/p>\n<p style=\"padding-left: 40px;\"><span style=\"font-weight: 400;\">Experta en transformaci\u00f3 urbana, amb s\u00f2lids coneixements en l\u2019\u00e0mbit de les ci\u00e8ncies socials. Arquitecta per l\u2019EtsaB (UPC), va obtenir el Master MSc City Design and Social Sciences a la London School of Economics. T\u00e9 una \u00e0mplia experi\u00e8ncia en el camp del disseny de ciutats i consultoria urbana.\u00a0 Va ser Directora de Projectes d&#8217;H\u00e0bitat Urb\u00e0 a l&#8217;Ajuntament de Barcelona, entre el 2012 i el 2015. Col\u00b7labora habitualment amb el Diari Ara i els informatius del vespre de Betev\u00e9, i \u00e9s membre del Consell de Redacci\u00f3 del M\u00f3n de Dem\u00e0. Participa en diversos f\u00f2rums urbans globals i ha treballat per administracions locals i organitzacions internacionals com la xarxa de ciutats mediterr\u00e0nies Medcit\u00e9s. Actualment lidera Mediaurban, l\u2019Ag\u00e8ncia de Continguts Urbans del Grup Mediapro.<\/span><\/p>\n<p><span style=\"font-family: arial, sans-serif;\"><strong>Xavi Matilla<\/strong>, arquitecte en cap d\u2019u<\/span><span style=\"font-family: arial, sans-serif;\">rbanisme de l\u2019Ajuntament de Barcelona.<\/span><\/p>\n<p><span style=\"font-weight: 400;\">@xavimatilla<\/span><\/p>\n<p style=\"padding-left: 40px;\">Aquitecte-urbanista per la ETSAV-UPC, nascut a Terrassa (Barcelona) l\u2019any 1975.\u00a0<span style=\"font-weight: 400;\">Ha desenvolupat la seva carrera professional en diferents despatxos de reconegut prestigi. Entre 1999 i 2000 a \u201cBAMMParquitectes\u201d. Entre 2000 i 2013, en \u201c<\/span><i><span style=\"font-weight: 400;\">Jornet-Llop-Pastor arquitectes<\/span><\/i><span style=\"font-weight: 400;\">\u201d on va ser coordinador de diversos projectes entre els quals destaquen el \u00abPOUM de Montmel\u00f3\u00bb (guardonat amb el Premio Urbanismo de la XI Bienal de Arquitectura Espa\u00f1ola 2011\u00bb) o el \u00abProjecte de Regeneraci\u00f3 Urbana del Barri de Sant Jaume a Tortosa\u00bb (guanyador del Premi Catalunya Urbanisme 2012). L\u2019any 2013 fund\u00e0 conjuntament amb l\u2019arquitecta M\u00f2nica Beguer \u00abTerritoris XLM\u00bb. L\u2019any 2016 van ser guardonats amb l\u2019acc\u00e8ssit del Premi Catalunya Urbanisme 2013 per \u00abl\u2019Avan\u00e7 de POUM de Sant Jaume de Llierca\u00bb.<\/span><span style=\"font-weight: 400;\">\u00c9s professor associat del Departament d\u2019Urbanisme i Ordenaci\u00f3 del Territori (DUOT) de la Universitat Polit\u00e8cnica de Catalunya UPC_BarcelonaTECH des de l\u2019any 2010 i professor del \u00abMaster Metropoli en Estudis Metropolitans i Urbans de l\u2019Institut d\u2019Estudis Regionals i Metropolitans de Barcelona (IERMB) i la Universitat Aut\u00f2noma de Barcelona de de l\u2019any 2018. Altrament ha participat en diversos seminaris i tallers internacionals.<\/span><span style=\"font-weight: 400;\">Entre els anys 2010 i 2015 fou secretari de l\u2019Agrupaci\u00f3 d\u2019Arquitectes Urbanistes de Catalunya.<\/span><span style=\"font-weight: 400;\">Actualment \u00e9s Arquitecte en Cap de l\u2019Ajuntament de Barcelona.<\/span><\/p>\n","protected":false},"excerpt":{"rendered":"<p>S\u00e1bado 14 nov. a las 19 h mesa redonda de movilidad interurbana en Barcelona. <\/p>\n","protected":false},"author":2,"featured_media":28749,"comment_status":"closed","ping_status":"closed","sticky":false,"template":"","format":"standard","meta":{"_acf_changed":false,"footnotes":""},"categories":[330],"tags":[],"class_list":["post-28804","post","type-post","status-publish","format-standard","has-post-thumbnail","hentry","category-noticias"],"acf":[],"_links":{"self":[{"href":"https:\/\/www.48hopenhousebarcelona.org\/es\/wp-json\/wp\/v2\/posts\/28804","targetHints":{"allow":["GET"]}}],"collection":[{"href":"https:\/\/www.48hopenhousebarcelona.org\/es\/wp-json\/wp\/v2\/posts"}],"about":[{"href":"https:\/\/www.48hopenhousebarcelona.org\/es\/wp-json\/wp\/v2\/types\/post"}],"author":[{"embeddable":true,"href":"https:\/\/www.48hopenhousebarcelona.org\/es\/wp-json\/wp\/v2\/users\/2"}],"replies":[{"embeddable":true,"href":"https:\/\/www.48hopenhousebarcelona.org\/es\/wp-json\/wp\/v2\/comments?post=28804"}],"version-history":[{"count":4,"href":"https:\/\/www.48hopenhousebarcelona.org\/es\/wp-json\/wp\/v2\/posts\/28804\/revisions"}],"predecessor-version":[{"id":28863,"href":"https:\/\/www.48hopenhousebarcelona.org\/es\/wp-json\/wp\/v2\/posts\/28804\/revisions\/28863"}],"wp:featuredmedia":[{"embeddable":true,"href":"https:\/\/www.48hopenhousebarcelona.org\/es\/wp-json\/wp\/v2\/media\/28749"}],"wp:attachment":[{"href":"https:\/\/www.48hopenhousebarcelona.org\/es\/wp-json\/wp\/v2\/media?parent=28804"}],"wp:term":[{"taxonomy":"category","embeddable":true,"href":"https:\/\/www.48hopenhousebarcelona.org\/es\/wp-json\/wp\/v2\/categories?post=28804"},{"taxonomy":"post_tag","embeddable":true,"href":"https:\/\/www.48hopenhousebarcelona.org\/es\/wp-json\/wp\/v2\/tags?post=28804"}],"curies":[{"name":"wp","href":"https:\/\/api.w.org\/{rel}","templated":true}]}}