{"id":3526,"date":"2018-05-03T10:15:13","date_gmt":"2018-05-03T10:15:13","guid":{"rendered":"https:\/\/www.48hopenhousebarcelona.org\/musica-x-arquitectura\/"},"modified":"2025-06-16T09:01:55","modified_gmt":"2025-06-16T09:01:55","slug":"musica-x-arquitectura-2018","status":"publish","type":"post","link":"https:\/\/www.48hopenhousebarcelona.org\/es\/musica-x-arquitectura-2018\/","title":{"rendered":"M\u00fasica x Arquitectura"},"content":{"rendered":"<p><iframe loading=\"lazy\" src=\"https:\/\/player.vimeo.com\/video\/273675824\" width=\"640\" height=\"360\" frameborder=\"0\" data-mce-fragment=\"1\"><span data-mce-type=\"bookmark\" style=\"display: inline-block; width: 0px; overflow: hidden; line-height: 0;\" class=\"mce_SELRES_start\">\ufeff<\/span><\/iframe><\/p>\n<p><a href=\"https:\/\/vimeo.com\/273675824\">M\u00fasica x Arquitectura 2018<\/a>\u00a0from\u00a0<a href=\"https:\/\/vimeo.com\/user8803626\">Open House Barcelona<\/a>\u00a0on\u00a0<a href=\"https:\/\/vimeo.com\/\">Vimeo<\/a>.<\/p>\n<p>El proyecto, realizado conjuntamente por la asociaci\u00f3n cultural 48h\u00a0Open\u00a0House\u00a0Barcelona y la asociaci\u00f3n cultural de m\u00fasica electr\u00f3nica\u00a0<a href=\"https:\/\/dedobarcelona.wordpress.com\/\" target=\"_blank\" rel=\"noopener noreferrer\">DeDO<\/a>, se centra en la exploraci\u00f3n del hecho arquitect\u00f3nico por parte de artistas de diferentes disciplinas que explicar\u00e1n y trabajar\u00e1n la relaci\u00f3n de una obra de arquitectura (acabada y en funcionamiento) con sus usuarios y su entorno cercano (el espacio p\u00fablico, el paisaje, la ciudad, la cultura). vincularemos la m\u00fasica como herramienta para captar la personalidad de los espacios.<\/p>\n<p>M\u00fasica para la arquitectura quiere ofrecer una serie de propuestas que relacionan experiencias arquitect\u00f3nicas con actividades art\u00edsticas creativas alrededor de la m\u00fasica. Cada expresi\u00f3n art\u00edstica sonora est\u00e1 pensada para explicar la arquitectura desde la inmersi\u00f3n creativa y para influir en la experiencia arquitect\u00f3nica del p\u00fablico.<\/p>\n<ul>\n<li>Lugar:\u00a0<a href=\"http:\/\/conventagusti.com\/\" target=\"_blank\" rel=\"noopener noreferrer\">Convent de Sant Agust\u00ed<\/a><\/li>\n<li>Fecha: 15\/05\/2018 de 17 a 22 h<\/li>\n<li>Organizadores: 48h Open House Barcelona \/ DeDO<\/li>\n<li>Marco:\u00a0<a href=\"https:\/\/www.barcelona.cat\/setmanadarquitectura\/\" target=\"_blank\" rel=\"noopener noreferrer\">Semana de la Arquitectura de Barcelona<\/a><\/li>\n<\/ul>\n<p>&nbsp;<\/p>\n<p><strong>PROGRAMA<\/strong><\/p>\n<p><strong>M\u00fasica (Sala Noble Convento de Santo Agust\u00ed)<\/strong><\/p>\n<p><a href=\"https:\/\/soundcloud.com\/sonsons\/sets\/liquid-drone\" target=\"_blank\" rel=\"noopener noreferrer\">Liquid Drone<\/a>. Inmersi\u00f3n sonora. Concierto de m\u00fasica\u00a0drone. Los m\u00fasicos del Colectivo\u00a0Free\u2019t proponen una experiencia ac\u00fastica \u00fanica, con una formaci\u00f3n at\u00edpica pensada y dise\u00f1ada especialmente para arquitecturas y espacios con mucha resonancia. &#8211; 20:30 h<\/p>\n<p><a href=\"https:\/\/skygaze1.bandcamp.com\/\" target=\"_blank\" rel=\"noopener noreferrer\">Skygaze<\/a>. Proyecto musical del arquitecto Jaime\u00a0Tellado. Su sonido\u00a0camale\u00f3nico flota entre\u00a0downtempo, ambient, hip hop y\u00a0future\u00a0jazz, haciendo que su particular enfoque se haga palpable en una experiencia compleja, ricamente\u00a0texturada\u00a0y muy seductora. &#8211; 19:30 h<\/p>\n<p>&nbsp;<\/p>\n<p><strong>Workshop (Sala Calidoscopi Convent de Sant Agust\u00ed)<\/strong><\/p>\n<p>Metodolog\u00edas y procedimientos an\u00e1logos entre m\u00fasica y arquitectura. Ponente: Jaime\u00a0Tellado(Skygaze). Desde su perspectiva profesional de arquitecto, Jaime\u00a0Tellado\u00a0plantea sus m\u00e9todos de producci\u00f3n musical y la estructura de sus canciones a partir de la influencia de su formaci\u00f3n como arquitecto. En este taller, expondr\u00e1 y relacionar\u00e1 de manera metaf\u00f3rica una serie de metodolog\u00edas y procedimientos que aplica tanto cuando hace m\u00fasica como cuando proyecta arquitectura &#8211; 18h<br \/>\nInscripci\u00f3n cerrada<\/p>\n<p><strong>Visita arquitect\u00f3nica\u00a0<\/strong><\/p>\n<p>Explicaremos la evoluci\u00f3n arquitect\u00f3nica y urban\u00edstica del Centro C\u00edvico Convento de Santo Agust\u00ed \u2013de edificio religioso a equipamiento militar y en centro c\u00edvico\u2013, y los cambios morfol\u00f3gicos, de uso y de alineaciones que esto supone. Se har\u00e1n dos visitas, a cargo de un arquitecto experto en la divulgaci\u00f3n de la arquitectura.<\/p>\n<p>Dos\u00a0sesiones\u00a0(17 h i 18:30h). Punto de encuentro\u00a0&#8211; Hall Convent de Sant Agust\u00ed<\/p>\n<p>Inscripci\u00f3n cerrada<\/p>\n<p><strong>Instalaci\u00f3n sonora<\/strong><\/p>\n<p><strong>Datalash<\/strong>\u00a0presenta un experimento sonoro que aspira a hacer hablar las paredes del Convento de Santo Agust\u00ed extrayendo la memoria hist\u00f3rica a trav\u00e9s de la refracci\u00f3n de los sonidos testimoniales. Se podr\u00e1 escuchar durante toda la Semana de la Arquitectura, en el\u00a0Convento de Santo Agust\u00ed.<\/p>\n","protected":false},"excerpt":{"rendered":"<p>Vinculaci\u00f3n de la m\u00fasica y la arquitectura <\/p>\n","protected":false},"author":2,"featured_media":15623,"comment_status":"closed","ping_status":"closed","sticky":false,"template":"","format":"standard","meta":{"_acf_changed":false,"footnotes":""},"categories":[1030,1],"tags":[],"class_list":["post-3526","post","type-post","status-publish","format-standard","has-post-thumbnail","hentry","category-musica-x-arquitectura-es","category-sin-categorizar"],"acf":[],"_links":{"self":[{"href":"https:\/\/www.48hopenhousebarcelona.org\/es\/wp-json\/wp\/v2\/posts\/3526","targetHints":{"allow":["GET"]}}],"collection":[{"href":"https:\/\/www.48hopenhousebarcelona.org\/es\/wp-json\/wp\/v2\/posts"}],"about":[{"href":"https:\/\/www.48hopenhousebarcelona.org\/es\/wp-json\/wp\/v2\/types\/post"}],"author":[{"embeddable":true,"href":"https:\/\/www.48hopenhousebarcelona.org\/es\/wp-json\/wp\/v2\/users\/2"}],"replies":[{"embeddable":true,"href":"https:\/\/www.48hopenhousebarcelona.org\/es\/wp-json\/wp\/v2\/comments?post=3526"}],"version-history":[{"count":3,"href":"https:\/\/www.48hopenhousebarcelona.org\/es\/wp-json\/wp\/v2\/posts\/3526\/revisions"}],"predecessor-version":[{"id":54186,"href":"https:\/\/www.48hopenhousebarcelona.org\/es\/wp-json\/wp\/v2\/posts\/3526\/revisions\/54186"}],"wp:featuredmedia":[{"embeddable":true,"href":"https:\/\/www.48hopenhousebarcelona.org\/es\/wp-json\/wp\/v2\/media\/15623"}],"wp:attachment":[{"href":"https:\/\/www.48hopenhousebarcelona.org\/es\/wp-json\/wp\/v2\/media?parent=3526"}],"wp:term":[{"taxonomy":"category","embeddable":true,"href":"https:\/\/www.48hopenhousebarcelona.org\/es\/wp-json\/wp\/v2\/categories?post=3526"},{"taxonomy":"post_tag","embeddable":true,"href":"https:\/\/www.48hopenhousebarcelona.org\/es\/wp-json\/wp\/v2\/tags?post=3526"}],"curies":[{"name":"wp","href":"https:\/\/api.w.org\/{rel}","templated":true}]}}