{"id":36740,"date":"2022-04-29T08:27:04","date_gmt":"2022-04-29T08:27:04","guid":{"rendered":"https:\/\/www.48hopenhousebarcelona.org\/?p=36740"},"modified":"2023-01-02T16:22:03","modified_gmt":"2023-01-02T16:22:03","slug":"el-mayo-del-open-house-barcelona","status":"publish","type":"post","link":"https:\/\/www.48hopenhousebarcelona.org\/es\/el-mayo-del-open-house-barcelona\/","title":{"rendered":"El Mayo del Open House Barcelona"},"content":{"rendered":"\n<p>Este mayo, \u00fanete al Open House Barcelona en estos 11 d\u00edas de Model Festival de arquitecturas. Tenemos tres propuestas que no te puedes perder para disfrutar de la arquitectura de maneras diferentes!<\/p>\n\n\n\n<p>Empezamos el 5 de mayo a las 18h en la librer\u00eda La Capell del Colegio de Arquitectos de Catalu\u00f1a con el lanzamiento de Radiomedia Arquitectura, una web repositorio de varios medias sobre arquitectura. El s\u00e1bado 7 de mayo a las 18h estaremos en Casa Seat con M\u00fasica por Arquitectura, un proyecto que ofrece expresiones art\u00edsticas sonoras pensadas para explicar la arquitectura desde la inmersi\u00f3n creativa con la intervenci\u00f3n de Ramon Faura i Jason Kol\u00e0r.<br><br>Del 9 al 15 de mayo  abriremos las puertas a lugares ocultos y sorprendentes con \u00ab<strong>Espacios Ocultos\u00bb.<\/strong><\/p>\n\n\n\n<p>A M\u00fasica x Arquitectura podr\u00e1s apuntarte en la p\u00e1gina web de Casa Seat y a Espacios Ocultos a partir del 6 de mayo.<\/p>\n\n\n\n<div style=\"height:50px\" aria-hidden=\"true\" class=\"wp-block-spacer\"><\/div>\n\n\n\n<hr class=\"wp-block-separator has-css-opacity\"\/>\n\n\n\n<div class=\"wp-block-columns is-layout-flex wp-container-core-columns-is-layout-9d6595d7 wp-block-columns-is-layout-flex\">\n<div class=\"wp-block-column is-layout-flow wp-block-column-is-layout-flow\" style=\"flex-basis:100%\">\n<div class=\"wp-block-columns is-layout-flex wp-container-core-columns-is-layout-9d6595d7 wp-block-columns-is-layout-flex\">\n<div class=\"wp-block-column is-layout-flow wp-block-column-is-layout-flow\">\n<figure class=\"wp-block-image size-full is-resized is-style-rounded\"><img loading=\"lazy\" decoding=\"async\" src=\"https:\/\/www.48hopenhousebarcelona.org\/wp-content\/uploads\/2022\/04\/espais-ocults-625.png\" alt=\"\" class=\"wp-image-36665\" width=\"320\" height=\"182\"\/><\/figure>\n<\/div>\n\n\n\n<div class=\"wp-block-column is-layout-flow wp-block-column-is-layout-flow\">\n<div style=\"height:30px\" aria-hidden=\"true\" class=\"wp-block-spacer\"><\/div>\n\n\n\n<p>Del 9 al 15 de&nbsp;mayo&nbsp;abriremos las puertas a ocho lugares ocultos y sorprendentes.<\/p>\n\n\n\n<p><strong>Primera tanda de Inscripciones 6 de mayo (agotado) y segunda el 10 de mayo<\/strong> <strong>(agotado)<\/strong><\/p>\n\n\n<p><a class=\"md-btn button shortcode_button uk-light\" href=\"https:\/\/www.eventbrite.es\/o\/48h-open-house-bcn-17785195955\">Inscripciones<\/a><br \/>\n<a class=\"md-btn button shortcode_button uk-light\" href=\"https:\/\/espaisocults.openhousebarcelona.org\/\">Web Espais Ocults<\/a><\/p>\n<\/div>\n<\/div>\n<\/div>\n<\/div>\n\n\n\n<hr class=\"wp-block-separator has-css-opacity\"\/>\n\n\n<h2 id=\"block-a932312e-f13b-407b-a2b7-ba3445868026\" class=\"block-editor-rich-text__editable block-editor-block-list__block wp-block is-selected wp-block-heading rich-text\" tabindex=\"0\" role=\"document\" contenteditable=\"true\" aria-multiline=\"true\" aria-label=\"Bloc: Cap\u00e7alera\" data-block=\"a932312e-f13b-407b-a2b7-ba3445868026\" data-type=\"core\/heading\" data-title=\"Cap\u00e7alera\">M\u00fasica x Arquitectura<\/h2>\n<p>M\u00fasica por Arquitectura es un proyecto que ofrece expresiones art\u00edsticas sonoras pensadas para explicar la arquitectura desde la inmersi\u00f3n creativa con la intervenci\u00f3n de Ramon Faura i Jason Kol\u00e0r.<\/p>\n<p>S\u00e1bado 7 de mayo a las 18h. en Casa Seat<\/p>\n<p><a class=\"md-btn button shortcode_button uk-light\" href=\"https:\/\/www.casa.seat\/ca\/agenda\/OHB-MUSICA-PER-ARQUITECTURA-2022.html\">Inscripci\u00f3n Casa Seat<\/a><a class=\"md-btn button shortcode_button uk-light\" href=\"https:\/\/www.48hopenhousebarcelona.org\/es\/musica-x-arquitectura-3\/\">M\u00fasica x Arquitectura<\/a><strong>&nbsp;<br><\/strong><\/p>\n\n\n<figure class=\"wp-block-image size-full is-style-rounded\"><img loading=\"lazy\" decoding=\"async\" width=\"350\" height=\"235\" src=\"https:\/\/www.48hopenhousebarcelona.org\/wp-content\/uploads\/2022\/04\/Ramon_Faura_Cccb.jpg\" alt=\"\" class=\"wp-image-36641\" srcset=\"https:\/\/www.48hopenhousebarcelona.org\/wp-content\/uploads\/2022\/04\/Ramon_Faura_Cccb.jpg 350w, https:\/\/www.48hopenhousebarcelona.org\/wp-content\/uploads\/2022\/04\/Ramon_Faura_Cccb-300x201.jpg 300w\" sizes=\"auto, (max-width: 350px) 100vw, 350px\" \/><\/figure>\n\n\n\n<p><strong>RAMON FAURA<\/strong><\/p>\n\n\n\n<p>M\u00fasico, escritor y doctor arquitecto. Imparte clases en la Escuela ELISAVA, donde tambi\u00e9n coordina el \u00e1rea de Sociales. Entre 2003 y 2006 fue jefe de redacci\u00f3n de la revista Quaderns d&#8217;Arquitectura i Urbanisme.<br>Ha comisariado exposiciones como \u00abEl Estado tur\u00edstico\u00bb (FadFest, 2017) y \u00abArquitecturas sin lugar\u00bb (Centre d&#8217;Arts Santa M\u00f2nica, 2009). Ha impartido conferencias en la New York University, la KTH de Estocolmo y la Escuela de Paisajismo de Dresde, entre otras. Ha publicado art\u00edculos en varios medios y tres monograf\u00edas: Louis XIV in Royal Costume: The Decapitation of the mystical body (URV, 2010);<br>La m\u00e1quina Versalles (Torcuato Di Tella, 2014); i Desplazamiento y ruina (ETSAM, 2015). Compagina su carrera acad\u00e9mica con la musical: ha publicado diez \u00e1lbumes con varias formacions<br>(Yak 42, Macho, Le Petit Ramon y Azucarillo Kings) y ha tenido el placer de telonear a grupos como Jon Spencer Blues Explosion, The Sonics o Sleaford Mods.<\/p>\n\n\n\n<div style=\"height:30px\" aria-hidden=\"true\" class=\"wp-block-spacer\"><\/div>\n\n\n\n<figure class=\"wp-block-image size-full is-resized is-style-rounded\"><img decoding=\"async\" src=\"https:\/\/www.48hopenhousebarcelona.org\/wp-content\/uploads\/2022\/04\/Jason-Kolar.png\" alt=\"\" class=\"wp-image-36647\" width=\"350\" srcset=\"https:\/\/www.48hopenhousebarcelona.org\/wp-content\/uploads\/2022\/04\/Jason-Kolar.png 431w, https:\/\/www.48hopenhousebarcelona.org\/wp-content\/uploads\/2022\/04\/Jason-Kolar-218x300.png 218w, https:\/\/www.48hopenhousebarcelona.org\/wp-content\/uploads\/2022\/04\/Jason-Kolar-400x551.png 400w\" sizes=\"(max-width: 431px) 100vw, 431px\" \/><\/figure>\n\n\n\n<p><strong>JASON KOL\u00c0R<\/strong><\/p>\n\n\n\n<p>Durante m\u00e1s de una d\u00e9cada, Cristian Subir\u00e0 ha sido un miembro activo de la escena musical underground de Barcelona; promocionando shows, lanzando cintas, tocando en bandas (Dead Man on Campus, Coconot, Narwhal, Maresme, \u2026), escondi\u00e9ndose detr\u00e1s de diferentes monikers (Summer Recreation Camp, Nubian Deli, Venessa Milano y Tim Robertson) o dublab.es del que es cofundador.<br>A sus espaldas, m\u00e1s de 100 shows en vivo en Europa y Estados Unidos compartieron escenario con Lucky Dragons, Daniel Higgs, Ariel Kalma, Joanne Robertson, The Space Lady, Julianna Barwick, Maria Minerva, Zbigniew Karkowski, White Magic, Pedro Magina o MANS O, aparte de apariciones en festivales como S\u00f3nar, Primavera Club, LEM, Grec, Meakusma, Online Radio Festival Amsterdam, Milhoes de Festa o Baleapop.<br>Las exploraciones de sonido de Subira navegan en y alrededor de new age, ambient y drone, siempre tratando de construir un puente poroso entre ellas. Una construcci\u00f3n final donde es f\u00e1cil escuchar la enorme influencia que Brian Eno, Roedelius, Hiroshi Yoshimura, Benjamin Lew, Craig Kupka, Vini Reilly o Sean McCann tuvieron en \u00e9l.<\/p>\n\n\n\n<div style=\"height:50px\" aria-hidden=\"true\" class=\"wp-block-spacer\"><\/div>\n\n\n\n<h3 class=\"wp-block-heading\"><strong>PEOPLE,ARCHITECTURE, URBAN PLANNING<\/strong><\/h3>\n\n\n\n<p>Completa la jornada de M\u00fasica x arquitectura la pieza <strong>People,&nbsp;Architecture,&nbsp;Urban&nbsp;Planning<\/strong>&nbsp;de&nbsp;<strong>Calepinage<\/strong>, un audiovisual que presenta una reflexi\u00f3n sobre la arquitectura, el urbanismo y la movilidad.<br>Detr\u00e1s de&nbsp;Calepinage&nbsp;se encuentra&nbsp;<a href=\"https:\/\/javiermaculet.com\/\" data-type=\"URL\" data-id=\"https:\/\/javiermaculet.com\/\" target=\"_blank\" rel=\"noreferrer noopener\"><strong>Javier&nbsp;Maculet<\/strong>.<\/a><\/p>\n\n\n\n<p><\/p>\n\n\n\n<div style=\"height:100px\" aria-hidden=\"true\" class=\"wp-block-spacer\"><\/div>\n\n\n\n<hr class=\"wp-block-separator has-css-opacity\"\/>\n\n\n\n<div style=\"height:30px\" aria-hidden=\"true\" class=\"wp-block-spacer\"><\/div>\n\n\n\n<p><strong>RADIOMEDIA ARQUITECTURA<\/strong><\/p>\n\n\n\n<div class=\"wp-block-columns is-layout-flex wp-container-core-columns-is-layout-9d6595d7 wp-block-columns-is-layout-flex\">\n<div class=\"wp-block-column is-layout-flow wp-block-column-is-layout-flow\" style=\"flex-basis:100%\">\n<div class=\"wp-block-columns is-layout-flex wp-container-core-columns-is-layout-9d6595d7 wp-block-columns-is-layout-flex\">\n<div class=\"wp-block-column is-layout-flow wp-block-column-is-layout-flow\">\n<figure class=\"wp-block-image size-full is-resized is-style-default\"><img loading=\"lazy\" decoding=\"async\" src=\"https:\/\/www.48hopenhousebarcelona.org\/wp-content\/uploads\/2022\/04\/Media_Radio-1.png\" alt=\"\" class=\"wp-image-36616\" width=\"313\" height=\"272\" srcset=\"https:\/\/www.48hopenhousebarcelona.org\/wp-content\/uploads\/2022\/04\/Media_Radio-1.png 625w, https:\/\/www.48hopenhousebarcelona.org\/wp-content\/uploads\/2022\/04\/Media_Radio-1-300x261.png 300w, https:\/\/www.48hopenhousebarcelona.org\/wp-content\/uploads\/2022\/04\/Media_Radio-1-400x348.png 400w\" sizes=\"auto, (max-width: 313px) 100vw, 313px\" \/><\/figure>\n<\/div>\n\n\n\n<div class=\"wp-block-column is-layout-flow wp-block-column-is-layout-flow\">\n<div style=\"height:50px\" aria-hidden=\"true\" class=\"wp-block-spacer\"><\/div>\n\n\n\n<p>Lanzamiento de Radiomedia Arquitectura, una web repositorio de varios medios sobre arquitectura.<\/p>\n\n\n\n<p>5 de&nbsp;mayo a las 18h en la Libreria <strong>La Capell del Colegio de Arquitectos de Catalu\u00f1a<\/strong><\/p>\n\n\n<a class=\"md-btn button shortcode_button uk-light\" href=\"https:\/\/radiomediarq.openhousebarcelona.org\/\">Web de Radiomedia Arquitectura<\/a>\n<\/div>\n<\/div>\n<\/div>\n<\/div>\n\n\n\n<figure class=\"wp-block-image size-large is-style-rounded\"><img loading=\"lazy\" decoding=\"async\" width=\"1024\" height=\"485\" src=\"https:\/\/www.48hopenhousebarcelona.org\/wp-content\/uploads\/2022\/05\/open1-1024x485.jpg\" alt=\"\" class=\"wp-image-36847\" srcset=\"https:\/\/www.48hopenhousebarcelona.org\/wp-content\/uploads\/2022\/05\/open1-1024x485.jpg 1024w, https:\/\/www.48hopenhousebarcelona.org\/wp-content\/uploads\/2022\/05\/open1-300x142.jpg 300w, https:\/\/www.48hopenhousebarcelona.org\/wp-content\/uploads\/2022\/05\/open1-768x363.jpg 768w, https:\/\/www.48hopenhousebarcelona.org\/wp-content\/uploads\/2022\/05\/open1-1536x727.jpg 1536w, https:\/\/www.48hopenhousebarcelona.org\/wp-content\/uploads\/2022\/05\/open1-1320x625.jpg 1320w, https:\/\/www.48hopenhousebarcelona.org\/wp-content\/uploads\/2022\/05\/open1-400x189.jpg 400w, https:\/\/www.48hopenhousebarcelona.org\/wp-content\/uploads\/2022\/05\/open1.jpg 2016w\" sizes=\"auto, (max-width: 1024px) 100vw, 1024px\" \/><figcaption class=\"wp-element-caption\">Josep Llu\u00eds Bl\u00e1zquez, Olga Subir\u00f3s, Elisenda Bonet, Juli Capella, Marc Longaron en la Libreria La Capell del Colegio de Arquitectos de Catalu\u00f1a<\/figcaption><\/figure>\n\n\n\n<p class=\"has-small-font-size\"><\/p>\n\n\n\n<hr class=\"wp-block-separator has-css-opacity\"\/>\n\n\n\n<p>Amb el suport:<\/p>\n\n\n\n<figure class=\"wp-block-image size-full is-resized\"><img loading=\"lazy\" decoding=\"async\" src=\"https:\/\/www.48hopenhousebarcelona.org\/wp-content\/uploads\/2019\/09\/logo_aj_barcelona.png\" alt=\"\" class=\"wp-image-256\" width=\"180\" height=\"68\"\/><\/figure>\n","protected":false},"excerpt":{"rendered":"<p>\u00danete al Open House Barcelona en estos 11 d\u00edas de Model Festival <\/p>\n","protected":false},"author":2,"featured_media":36799,"comment_status":"closed","ping_status":"closed","sticky":false,"template":"","format":"standard","meta":{"_acf_changed":false,"footnotes":""},"categories":[330],"tags":[],"class_list":["post-36740","post","type-post","status-publish","format-standard","has-post-thumbnail","hentry","category-noticias"],"acf":[],"_links":{"self":[{"href":"https:\/\/www.48hopenhousebarcelona.org\/es\/wp-json\/wp\/v2\/posts\/36740","targetHints":{"allow":["GET"]}}],"collection":[{"href":"https:\/\/www.48hopenhousebarcelona.org\/es\/wp-json\/wp\/v2\/posts"}],"about":[{"href":"https:\/\/www.48hopenhousebarcelona.org\/es\/wp-json\/wp\/v2\/types\/post"}],"author":[{"embeddable":true,"href":"https:\/\/www.48hopenhousebarcelona.org\/es\/wp-json\/wp\/v2\/users\/2"}],"replies":[{"embeddable":true,"href":"https:\/\/www.48hopenhousebarcelona.org\/es\/wp-json\/wp\/v2\/comments?post=36740"}],"version-history":[{"count":24,"href":"https:\/\/www.48hopenhousebarcelona.org\/es\/wp-json\/wp\/v2\/posts\/36740\/revisions"}],"predecessor-version":[{"id":42040,"href":"https:\/\/www.48hopenhousebarcelona.org\/es\/wp-json\/wp\/v2\/posts\/36740\/revisions\/42040"}],"wp:featuredmedia":[{"embeddable":true,"href":"https:\/\/www.48hopenhousebarcelona.org\/es\/wp-json\/wp\/v2\/media\/36799"}],"wp:attachment":[{"href":"https:\/\/www.48hopenhousebarcelona.org\/es\/wp-json\/wp\/v2\/media?parent=36740"}],"wp:term":[{"taxonomy":"category","embeddable":true,"href":"https:\/\/www.48hopenhousebarcelona.org\/es\/wp-json\/wp\/v2\/categories?post=36740"},{"taxonomy":"post_tag","embeddable":true,"href":"https:\/\/www.48hopenhousebarcelona.org\/es\/wp-json\/wp\/v2\/tags?post=36740"}],"curies":[{"name":"wp","href":"https:\/\/api.w.org\/{rel}","templated":true}]}}