{"id":3817,"date":"2019-05-16T18:56:39","date_gmt":"2019-05-16T18:56:39","guid":{"rendered":"https:\/\/www.48hopenhousebarcelona.org\/musica-x-arquitectura-2019\/"},"modified":"2025-06-16T09:16:10","modified_gmt":"2025-06-16T09:16:10","slug":"musica-x-arquitectura-2019","status":"publish","type":"post","link":"https:\/\/www.48hopenhousebarcelona.org\/es\/musica-x-arquitectura-2019\/","title":{"rendered":"M\u00fasica x Arquitectura 2019"},"content":{"rendered":"<h2><strong>Programaci\u00f3n<\/strong><\/h2>\n<p><strong>Jueves 16 de mayo\u00a0de 17\u00a0 a\u00a022h<\/strong><\/p>\n<p>Lugar:\u00a0<a href=\"https:\/\/www.48hopenhousebarcelona.org\/ca\/edifici\/pavello-alemany-mies-van-der-rohe\">Pavell\u00f3 Mies van der Rohe<\/a><\/p>\n<p>&nbsp;<\/p>\n<h3><strong>Horario<\/strong><\/h3>\n<p><strong>17 h Visita arquitect\u00f3nica con inscripci\u00f3n al Pavell\u00f3n Mies van der Rohe por la arquitecta M\u00f3nica Cruz\u00a0\u00a0<\/strong>(<a href=\"http:\/\/docs.google.com\/forms\/d\/e\/1FAIpQLSe-trhCnsjscHZWP_e9CqGdkONmYSKtcY3Q5pI6ueuWyzCRZQ\/viewform\">Inscripci\u00f3n a la visita<\/a>)<\/p>\n<p><strong>17: 30 h\u00a0El arte de escuchar\u00a0 por\u00a0<\/strong><a href=\"https:\/\/www.48hopenhousebarcelona.org\/es\/node\/1781\">Francesc Tic\u00f3<\/a>\u00a0t\u00e9cnico de sonido y productor musical\u00a0(<a href=\"http:\/\/docs.google.com\/forms\/d\/e\/1FAIpQLSe-trhCnsjscHZWP_e9CqGdkONmYSKtcY3Q5pI6ueuWyzCRZQ\/viewform\">inscripci\u00f3n a la conferencia<\/a>)<\/p>\n<p><strong>19 h\u00a0 a 20:45 Musitectura: una lectura musical del espacio por\u00a0<\/strong><a href=\"https:\/\/www.48hopenhousebarcelona.org\/ca\/autor\/gerard-guerra-lopez\">Gerard Guerra L\u00f3pez<\/a>\u00a0arquitecto y m\u00fasico .<br \/>\nConferencia te\u00f3rico-pr\u00e1ctica\u00a0(<a href=\"http:\/\/docs.google.com\/forms\/d\/e\/1FAIpQLSe-trhCnsjscHZWP_e9CqGdkONmYSKtcY3Q5pI6ueuWyzCRZQ\/viewform\">inscripci\u00f3n a la conferencia<\/a>\u00a045&#8242;)<br \/>\nConcierto de piano (1h) sin inscripci\u00f3n.<\/p>\n<p><strong>20:45 h D\u00e4mmerung por\u00a0<\/strong><a href=\"https:\/\/www.48hopenhousebarcelona.org\/ca\/autor\/ensemble-topografic\">Ensemble Topogr\u00e0fic<\/a>\u00a0Concierto y Perfomance sin inscripci\u00f3n<br \/>\n<strong>17 a\u00a022h\u00a0Voz\u00a0silenciada por\u00a0<\/strong>Datalash y\u00a0Francesc Tic\u00f3\u00a0 (Instalaci\u00f3n)<\/p>\n<p><a class=\"action\" href=\"https:\/\/docs.google.com\/forms\/d\/e\/1FAIpQLSe-trhCnsjscHZWP_e9CqGdkONmYSKtcY3Q5pI6ueuWyzCRZQ\/viewform\"><strong>INSCRIPCIONES<\/strong><\/a><\/p>\n<p>&nbsp;<\/p>\n<p><strong>Organitzan:<\/strong><\/p>\n<p><img loading=\"lazy\" decoding=\"async\" class=\"alignnone size-full wp-image-3802\" src=\"https:\/\/www.48hopenhousebarcelona.org\/wp-content\/uploads\/2019\/09\/48-open-logo.png\" alt=\"\" width=\"147\" height=\"140\" \/><\/p>\n<p><img loading=\"lazy\" decoding=\"async\" class=\"alignnone size-medium wp-image-3804\" src=\"https:\/\/www.48hopenhousebarcelona.org\/wp-content\/uploads\/2019\/09\/cropped-dedo-blue-on-white-3-300x93.jpg\" alt=\"\" width=\"300\" height=\"93\" srcset=\"https:\/\/www.48hopenhousebarcelona.org\/wp-content\/uploads\/2019\/09\/cropped-dedo-blue-on-white-3-300x93.jpg 300w, https:\/\/www.48hopenhousebarcelona.org\/wp-content\/uploads\/2019\/09\/cropped-dedo-blue-on-white-3-400x123.jpg 400w, https:\/\/www.48hopenhousebarcelona.org\/wp-content\/uploads\/2019\/09\/cropped-dedo-blue-on-white-3.jpg 723w\" sizes=\"auto, (max-width: 300px) 100vw, 300px\" \/><\/p>\n<p><strong>Colaboran:<\/strong><\/p>\n<p><img loading=\"lazy\" decoding=\"async\" class=\"alignnone size-medium wp-image-3806\" src=\"https:\/\/www.48hopenhousebarcelona.org\/wp-content\/uploads\/2019\/09\/logo_mies-1.png\" alt=\"\" width=\"199\" height=\"90\" \/><\/p>\n<p><img loading=\"lazy\" decoding=\"async\" class=\"alignnone size-medium wp-image-3808\" src=\"https:\/\/www.48hopenhousebarcelona.org\/wp-content\/uploads\/2019\/09\/qfundacion_arquia_lateral-color-01_quadrat-300x82.jpg\" alt=\"\" width=\"300\" height=\"82\" srcset=\"https:\/\/www.48hopenhousebarcelona.org\/wp-content\/uploads\/2019\/09\/qfundacion_arquia_lateral-color-01_quadrat-300x82.jpg 300w, https:\/\/www.48hopenhousebarcelona.org\/wp-content\/uploads\/2019\/09\/qfundacion_arquia_lateral-color-01_quadrat-400x110.jpg 400w, https:\/\/www.48hopenhousebarcelona.org\/wp-content\/uploads\/2019\/09\/qfundacion_arquia_lateral-color-01_quadrat-768x211.jpg 768w, https:\/\/www.48hopenhousebarcelona.org\/wp-content\/uploads\/2019\/09\/qfundacion_arquia_lateral-color-01_quadrat-1024x281.jpg 1024w, https:\/\/www.48hopenhousebarcelona.org\/wp-content\/uploads\/2019\/09\/qfundacion_arquia_lateral-color-01_quadrat.jpg 1253w\" sizes=\"auto, (max-width: 300px) 100vw, 300px\" \/><\/p>\n<p><strong>Marco:<\/strong><\/p>\n<p><img loading=\"lazy\" decoding=\"async\" class=\"alignnone size-medium wp-image-3810\" src=\"https:\/\/www.48hopenhousebarcelona.org\/wp-content\/uploads\/2019\/09\/setmana-arquitectura_2019-300x147.png\" alt=\"\" width=\"300\" height=\"147\" srcset=\"https:\/\/www.48hopenhousebarcelona.org\/wp-content\/uploads\/2019\/09\/setmana-arquitectura_2019-300x147.png 300w, https:\/\/www.48hopenhousebarcelona.org\/wp-content\/uploads\/2019\/09\/setmana-arquitectura_2019-400x195.png 400w, https:\/\/www.48hopenhousebarcelona.org\/wp-content\/uploads\/2019\/09\/setmana-arquitectura_2019.png 528w\" sizes=\"auto, (max-width: 300px) 100vw, 300px\" \/><\/p>\n","protected":false},"excerpt":{"rendered":"<p>La m\u00fasica ser\u00e0 l&#8217;eina que ens explicar\u00e0 la personalitat dels espais del Pavell\u00f3 Mies Van der<\/p>\n","protected":false},"author":2,"featured_media":30723,"comment_status":"closed","ping_status":"closed","sticky":false,"template":"","format":"standard","meta":{"_acf_changed":false,"footnotes":""},"categories":[1030,330],"tags":[],"class_list":["post-3817","post","type-post","status-publish","format-standard","has-post-thumbnail","hentry","category-musica-x-arquitectura-es","category-noticias"],"acf":[],"_links":{"self":[{"href":"https:\/\/www.48hopenhousebarcelona.org\/es\/wp-json\/wp\/v2\/posts\/3817","targetHints":{"allow":["GET"]}}],"collection":[{"href":"https:\/\/www.48hopenhousebarcelona.org\/es\/wp-json\/wp\/v2\/posts"}],"about":[{"href":"https:\/\/www.48hopenhousebarcelona.org\/es\/wp-json\/wp\/v2\/types\/post"}],"author":[{"embeddable":true,"href":"https:\/\/www.48hopenhousebarcelona.org\/es\/wp-json\/wp\/v2\/users\/2"}],"replies":[{"embeddable":true,"href":"https:\/\/www.48hopenhousebarcelona.org\/es\/wp-json\/wp\/v2\/comments?post=3817"}],"version-history":[{"count":4,"href":"https:\/\/www.48hopenhousebarcelona.org\/es\/wp-json\/wp\/v2\/posts\/3817\/revisions"}],"predecessor-version":[{"id":54189,"href":"https:\/\/www.48hopenhousebarcelona.org\/es\/wp-json\/wp\/v2\/posts\/3817\/revisions\/54189"}],"wp:featuredmedia":[{"embeddable":true,"href":"https:\/\/www.48hopenhousebarcelona.org\/es\/wp-json\/wp\/v2\/media\/30723"}],"wp:attachment":[{"href":"https:\/\/www.48hopenhousebarcelona.org\/es\/wp-json\/wp\/v2\/media?parent=3817"}],"wp:term":[{"taxonomy":"category","embeddable":true,"href":"https:\/\/www.48hopenhousebarcelona.org\/es\/wp-json\/wp\/v2\/categories?post=3817"},{"taxonomy":"post_tag","embeddable":true,"href":"https:\/\/www.48hopenhousebarcelona.org\/es\/wp-json\/wp\/v2\/tags?post=3817"}],"curies":[{"name":"wp","href":"https:\/\/api.w.org\/{rel}","templated":true}]}}