{"id":42565,"date":"2023-05-26T11:11:23","date_gmt":"2023-05-26T11:11:23","guid":{"rendered":"https:\/\/www.48hopenhousebarcelona.org\/?p=42565"},"modified":"2023-06-23T07:15:37","modified_gmt":"2023-06-23T07:15:37","slug":"el-ohb-en-model-2023","status":"publish","type":"post","link":"https:\/\/www.48hopenhousebarcelona.org\/es\/el-ohb-en-model-2023\/","title":{"rendered":"EL OHB EN +MODEL 2023"},"content":{"rendered":"\n<p><em>Model<\/em>&nbsp;se est\u00e1 convirtiendo en el punto de encuentro durante la primavera de los interesados en la arquitectura de la ciudad. En los 10 d\u00edas que dura el evento, del 20 al 30 de abril, la&nbsp;<strong>asociaci\u00f3n cultural 48h Open House Barcelona<\/strong> ha querido colaborar un a\u00f1o m\u00e1s con dos propuestas dentro de la programaci\u00f3n de&nbsp;<em>+Model<\/em>: <b>Espais Ocults<\/b> y <b>M\u00fasica x Arquitectura<\/b>.<\/p>\n\n\n\n<p>Las actividades de la asociaci\u00f3n organizadas para <em>+Model<\/em> buscaban llegar al p\u00fablico no profesional a trav\u00e9s de acciones originales, de alcance global y producci\u00f3n local.<\/p>\n\n\n\n<h3 class=\"wp-block-heading\"><strong>ESPAIS OCULTS<\/strong><\/h3>\n\n\n\n<p>Se trata de un proyecto basado en la difusi\u00f3n del patrimonio hist\u00f3rico de la ciudad de Barcelona, con el objetivo de p<strong>oner en valor espacios desconocidos e inaccesibles<\/strong> y hacerlos visibles al p\u00fablico. El formato de estas jornadas de patrimonio consiste en v<strong>isitas guiadas, de la mano de expertos<\/strong>, de una selecci\u00f3n de espacios singulares con una explicaci\u00f3n hist\u00f3rica y arquitect\u00f3nica de cada espacio. Fomentamos, adem\u00e1s, la difusi\u00f3n de profesionales, artistas y creadores de estos espacios singlares.<\/p>\n\n\n\n<p>Este a\u00f1o hemos abierto las puertas a cinco de los lugares m\u00e1s sorprendentes y destacados de las \u00faltimas cinco ediciones y un sexto espacio especial y \u00fanico para esta edici\u00f3n:<\/p>\n\n\n\n<p>GALER\u00cdA INTERIOR DE LA PRESA DEL PANTANO DE VALLVIDRERA<br>CISTERNA DE LA SALA HIP\u00d3STILA DEL PARK G\u00dcELL<br>CASA TOSQUELLA<br>TORRE VENECIANA OESTE<br>CASA DE LA PRENSA<br><strong>[NOVEDAD]<\/strong> PALAU DE LA M\u00daSICA CATALANA<\/p>\n\n\n\n<p>Despu\u00e9s de las visitas, en las <strong>redes sociales<\/strong> de la asociaci\u00f3n hemos ido descubierto <strong>lo m\u00e1s oculto de cada espacio oculto<\/strong>.<\/p>\n\n\n\n<p>Nos encontramos con unos cuantos agujeros a las paredes de la presa del <strong>pantano de Vallvidrera<\/strong>: estaban dise\u00f1ados para facilitar la evacuaci\u00f3n de la galer\u00eda en caso de inundaci\u00f3n, permitiendo al guarda escalar por el interior de los pozos de 16 metros y salir a la superficie.<\/p>\n\n\n\n<p>El agua de la plaza desagua por el interior de las columnas de la <strong>sala hip\u00f3stila del Park G\u00fcell<\/strong>: llega a la cisterna a trav\u00e9s de unos agujeros situados encima de los pilares. Los agujeros se encuentran si se siguen las marcas de los chorros en las paredes\u2026<\/p>\n\n\n\n<p>En la <strong>Casa Tosquella<\/strong>, la flora y la fauna de la decoraci\u00f3n modernista se esparcen por todos las estancias interiores. Se destacan las piezas de mosaico Nolla en el comedor principal de la casa, de gres cer\u00e1mico de forma cuadrangular y triangular que forman alfombras de figuras naturales que parece que vienen del jard\u00edn exterior.<\/p>\n\n\n\n<p>Desde la <strong>Torre Veneciana<\/strong> oeste, que es la que hemos podido visitar ahora y que no se abre durante el festival en octubre, se controlaba la instalaci\u00f3n lum\u00ednica de la avenida de la Reina de Maria Cristina durante la Exposici\u00f3n Internacional de Barcelona de 1929. A pesar de que hoy en d\u00eda ya ha desaparecido el cableado que sub\u00eda internamente por la torre, todav\u00eda podemos encontrar restos de anclajes.<\/p>\n\n\n\n<p>Son bastante visibles una vez te das cuenta que est\u00e1n: los escudos de Barcelona est\u00e1n por todas partes en la <strong>Casa de la Prensa<\/strong>. Como se construy\u00f3 durante la dictadura de Primo de Rivera, cuando todos los s\u00edmbolos de catalanidad fueron prohibidos, se cree que, de forma reinvidicativa, se decor\u00f3 el edificio con muchos de ellos.<\/p>\n\n\n\n<p>El \u00faltimo d\u00eda de este viaje por los Espacios Ocultos de este a\u00f1o, hemos podido descubrir c\u00f3mo est\u00e1 sujetada la impresionante y emblem\u00e1tica claraboya de vitrales en el centro de la sala del <strong>Palau de la M\u00fasica<\/strong>: la luz no solo impregna la sala de d\u00eda, sino que ya por la noche una luz artificial permite continuar disfrutando de la experiencia de color durante los conciertos.<\/p>\n\n\n\n<figure class=\"wp-block-gallery has-nested-images columns-3 is-cropped wp-block-gallery-1 is-layout-flex wp-block-gallery-is-layout-flex\">\n<figure class=\"wp-block-image size-large\"><img loading=\"lazy\" decoding=\"async\" width=\"768\" height=\"1024\" data-id=\"42530\" src=\"https:\/\/www.48hopenhousebarcelona.org\/wp-content\/uploads\/2023\/05\/PHOTO-2023-04-21-10-01-05-768x1024.jpg\" alt=\"\" class=\"wp-image-42530\" srcset=\"https:\/\/www.48hopenhousebarcelona.org\/wp-content\/uploads\/2023\/05\/PHOTO-2023-04-21-10-01-05-768x1024.jpg 768w, https:\/\/www.48hopenhousebarcelona.org\/wp-content\/uploads\/2023\/05\/PHOTO-2023-04-21-10-01-05-225x300.jpg 225w, https:\/\/www.48hopenhousebarcelona.org\/wp-content\/uploads\/2023\/05\/PHOTO-2023-04-21-10-01-05-1152x1536.jpg 1152w, https:\/\/www.48hopenhousebarcelona.org\/wp-content\/uploads\/2023\/05\/PHOTO-2023-04-21-10-01-05-400x533.jpg 400w, https:\/\/www.48hopenhousebarcelona.org\/wp-content\/uploads\/2023\/05\/PHOTO-2023-04-21-10-01-05.jpg 1200w\" sizes=\"auto, (max-width: 768px) 100vw, 768px\" \/><figcaption class=\"wp-element-caption\">GALER\u00cdA INTERIOR DE LA PRESA DEL PANTANO DE VALLVIDRERA<\/figcaption><\/figure>\n\n\n\n<figure class=\"wp-block-image size-large\"><img loading=\"lazy\" decoding=\"async\" width=\"461\" height=\"1024\" data-id=\"42532\" src=\"https:\/\/www.48hopenhousebarcelona.org\/wp-content\/uploads\/2023\/05\/PHOTO-2023-04-22-11-26-09-461x1024.jpg\" alt=\"\" class=\"wp-image-42532\" srcset=\"https:\/\/www.48hopenhousebarcelona.org\/wp-content\/uploads\/2023\/05\/PHOTO-2023-04-22-11-26-09-461x1024.jpg 461w, https:\/\/www.48hopenhousebarcelona.org\/wp-content\/uploads\/2023\/05\/PHOTO-2023-04-22-11-26-09-135x300.jpg 135w, https:\/\/www.48hopenhousebarcelona.org\/wp-content\/uploads\/2023\/05\/PHOTO-2023-04-22-11-26-09-400x889.jpg 400w, https:\/\/www.48hopenhousebarcelona.org\/wp-content\/uploads\/2023\/05\/PHOTO-2023-04-22-11-26-09.jpg 666w\" sizes=\"auto, (max-width: 461px) 100vw, 461px\" \/><figcaption class=\"wp-element-caption\">CISTERNA DE LA SALA HIP\u00d3STILA DEL PARK G\u00dcELL<\/figcaption><\/figure>\n\n\n\n<figure class=\"wp-block-image size-large\"><img loading=\"lazy\" decoding=\"async\" width=\"461\" height=\"1024\" data-id=\"42534\" src=\"https:\/\/www.48hopenhousebarcelona.org\/wp-content\/uploads\/2023\/05\/PHOTO-2023-04-24-18-16-16-461x1024.jpg\" alt=\"\" class=\"wp-image-42534\" srcset=\"https:\/\/www.48hopenhousebarcelona.org\/wp-content\/uploads\/2023\/05\/PHOTO-2023-04-24-18-16-16-461x1024.jpg 461w, https:\/\/www.48hopenhousebarcelona.org\/wp-content\/uploads\/2023\/05\/PHOTO-2023-04-24-18-16-16-135x300.jpg 135w, https:\/\/www.48hopenhousebarcelona.org\/wp-content\/uploads\/2023\/05\/PHOTO-2023-04-24-18-16-16-400x889.jpg 400w, https:\/\/www.48hopenhousebarcelona.org\/wp-content\/uploads\/2023\/05\/PHOTO-2023-04-24-18-16-16.jpg 666w\" sizes=\"auto, (max-width: 461px) 100vw, 461px\" \/><figcaption class=\"wp-element-caption\">CASA TOSQUELLA<\/figcaption><\/figure>\n\n\n\n<figure class=\"wp-block-image size-large\"><img loading=\"lazy\" decoding=\"async\" width=\"768\" height=\"1024\" data-id=\"42536\" src=\"https:\/\/www.48hopenhousebarcelona.org\/wp-content\/uploads\/2023\/05\/PHOTO-2023-04-25-18-37-50-768x1024.jpg\" alt=\"\" class=\"wp-image-42536\" srcset=\"https:\/\/www.48hopenhousebarcelona.org\/wp-content\/uploads\/2023\/05\/PHOTO-2023-04-25-18-37-50-768x1024.jpg 768w, https:\/\/www.48hopenhousebarcelona.org\/wp-content\/uploads\/2023\/05\/PHOTO-2023-04-25-18-37-50-225x300.jpg 225w, https:\/\/www.48hopenhousebarcelona.org\/wp-content\/uploads\/2023\/05\/PHOTO-2023-04-25-18-37-50-1152x1536.jpg 1152w, https:\/\/www.48hopenhousebarcelona.org\/wp-content\/uploads\/2023\/05\/PHOTO-2023-04-25-18-37-50-400x533.jpg 400w, https:\/\/www.48hopenhousebarcelona.org\/wp-content\/uploads\/2023\/05\/PHOTO-2023-04-25-18-37-50.jpg 1200w\" sizes=\"auto, (max-width: 768px) 100vw, 768px\" \/><figcaption class=\"wp-element-caption\">TORRE VENECIANA OESTE<\/figcaption><\/figure>\n\n\n\n<figure class=\"wp-block-image size-large\"><img loading=\"lazy\" decoding=\"async\" width=\"1024\" height=\"576\" data-id=\"42538\" src=\"https:\/\/www.48hopenhousebarcelona.org\/wp-content\/uploads\/2023\/05\/PHOTO-2023-04-28-14-01-29-1024x576.jpg\" alt=\"\" class=\"wp-image-42538\" srcset=\"https:\/\/www.48hopenhousebarcelona.org\/wp-content\/uploads\/2023\/05\/PHOTO-2023-04-28-14-01-29-1024x576.jpg 1024w, https:\/\/www.48hopenhousebarcelona.org\/wp-content\/uploads\/2023\/05\/PHOTO-2023-04-28-14-01-29-300x169.jpg 300w, https:\/\/www.48hopenhousebarcelona.org\/wp-content\/uploads\/2023\/05\/PHOTO-2023-04-28-14-01-29-768x432.jpg 768w, https:\/\/www.48hopenhousebarcelona.org\/wp-content\/uploads\/2023\/05\/PHOTO-2023-04-28-14-01-29-1536x864.jpg 1536w, https:\/\/www.48hopenhousebarcelona.org\/wp-content\/uploads\/2023\/05\/PHOTO-2023-04-28-14-01-29-380x215.jpg 380w, https:\/\/www.48hopenhousebarcelona.org\/wp-content\/uploads\/2023\/05\/PHOTO-2023-04-28-14-01-29-1320x743.jpg 1320w, https:\/\/www.48hopenhousebarcelona.org\/wp-content\/uploads\/2023\/05\/PHOTO-2023-04-28-14-01-29-400x225.jpg 400w, https:\/\/www.48hopenhousebarcelona.org\/wp-content\/uploads\/2023\/05\/PHOTO-2023-04-28-14-01-29.jpg 2000w\" sizes=\"auto, (max-width: 1024px) 100vw, 1024px\" \/><figcaption class=\"wp-element-caption\">CASA DE LA PRENSA<\/figcaption><\/figure>\n\n\n\n<figure class=\"wp-block-image size-large\"><img loading=\"lazy\" decoding=\"async\" width=\"461\" height=\"1024\" data-id=\"42540\" src=\"https:\/\/www.48hopenhousebarcelona.org\/wp-content\/uploads\/2023\/05\/PHOTO-2023-05-05-08-58-56-461x1024.jpg\" alt=\"\" class=\"wp-image-42540\" srcset=\"https:\/\/www.48hopenhousebarcelona.org\/wp-content\/uploads\/2023\/05\/PHOTO-2023-05-05-08-58-56-461x1024.jpg 461w, https:\/\/www.48hopenhousebarcelona.org\/wp-content\/uploads\/2023\/05\/PHOTO-2023-05-05-08-58-56-135x300.jpg 135w, https:\/\/www.48hopenhousebarcelona.org\/wp-content\/uploads\/2023\/05\/PHOTO-2023-05-05-08-58-56-400x889.jpg 400w, https:\/\/www.48hopenhousebarcelona.org\/wp-content\/uploads\/2023\/05\/PHOTO-2023-05-05-08-58-56.jpg 666w\" sizes=\"auto, (max-width: 461px) 100vw, 461px\" \/><figcaption class=\"wp-element-caption\">PALAU DE LA M\u00daSICA CATALANA<\/figcaption><\/figure>\n<\/figure>\n\n\n\n<h3 class=\"wp-block-heading\"><strong>M\u00daSICA x ARQUITECTURA<\/strong><\/h3>\n\n\n\n<p>Este a\u00f1o, tambi\u00e9n, celebramos la quinta edici\u00f3n de&nbsp;<b>M\u00fasica x Arquitectura <\/b>(MxA), un proyecto que ofrece propuestas que relacionan experiencias arquitect\u00f3nicas con actividades creativas alrededor de la m\u00fasica.<\/p>\n\n\n\n<p>El 27 de abril hemos estrenado formato en el&nbsp;<a href=\"https:\/\/iaac.net\/\"><b>IAAC<\/b> &#8211; Institute for Advanced Architecture of Catalonia<\/a>, con la presentaci\u00f3n del proyecto que se ha dividido en dos secciones:&nbsp;<b>MxA-V\u00eddeo<\/b> que recoge v\u00eddeos de car\u00e1cter experimental relacionados con la arquitectura. Y&nbsp;<b>MxA-Concert<\/b> que consta de la actuaci\u00f3n en directo de dos proyectos locales.<\/p>\n\n\n\n<p><strong>MxA-V\u00eddeo<\/strong> se origina con un concurso&nbsp;internacional de v\u00eddeo (videoclip, animaci\u00f3n, visuales, live cinema, danza, videojuegos, documental) bajo los criterios a valorar de arquitectura y experimental. En paralelo, abrimos la convocatoria de actuaci\u00f3n en directo por&nbsp;<strong>MxA-Concert<\/strong>, de proyectos de peque\u00f1o formato que se puedan llevar a un escenario.<\/p>\n\n\n\n<p>Por una parte, se recibieron 959 propuestas de m\u00e1s de 85 pa\u00edses del mundo, con v\u00eddeos desde 1 minuto hasta 20 minutos, que experimentan con la ciudad, los cuerpos, los sonidos, la luz y el dibujo. Por otra parte, se recibieron 22 propuestas para la actuaci\u00f3n en directo de grupos o solistas de \u00e1mbito local. De esto, el equipo de MxA seleccion\u00f3 10 finalistas y 2 directos.<\/p>\n\n\n\n<p><strong>\u00a1El IAAC se convirti\u00f3 en una fiesta de m\u00fasica, v\u00eddeo y arquitectura!<\/strong><\/p>\n\n\n\n<p>La actividad consisti\u00f3 en la presentaci\u00f3n y proyecci\u00f3n de las 10 obras finalistas y se premiaron las tres mejores: el tercer premio fue para&nbsp;<em><strong>Simulation<\/strong><\/em> de Shin Jungkyun (Rep\u00fablica de Corea); el segundo premio fue para <strong><em>The Opening<\/em><\/strong> de Davide Rapp (Italia); y el ganador ha sido <strong><em>Move<\/em><\/strong> de Vanessa Cardui (Alemania).<\/p>\n\n\n\n<figure class=\"wp-block-gallery has-nested-images columns-3 is-cropped wp-block-gallery-2 is-layout-flex wp-block-gallery-is-layout-flex\">\n\n\n\n<\/figure>\n\n\n\n<p>En el mismo espacio, se disfrut\u00f3 del concierto y la actuaci\u00f3n en directo de los proyectos art\u00edsticos escogidos de la convocatoria:&nbsp;<strong>Papenheim<\/strong> y <strong>Syneba<\/strong>.<\/p>\n\n\n\n<p>Papenheim present\u00f3&nbsp;<strong>Ciudad Catarsis<\/strong>, basado en textos d\u2019Italo Calvino. Este colectivo de m\u00fasica electr\u00f3nica experimental recorre las ciudades de Calvino como aquellos hombres de naciones diversas que, al so\u00f1ar la misma ciudad, la van construyendo, persiguiendo su deseo y, a la vez, levantando una trampa.<\/p>\n\n\n\n<p>La electr\u00f3nica dark synth de&nbsp;<a href=\"https:\/\/www.instagram.com\/syneba.official\/\">Syneba<\/a>&nbsp;se tradujo en <strong>Mesmerismo para \u00e1ngulos muertos<\/strong>, un dise\u00f1o musical cr\u00edptico y ambiguo, de arpegios, drones, sub-bajos, toques orquestales. Su presentaci\u00f3n se ha inspirado principalmente en los sonidos de la d\u00e9cada de los a\u00f1os 1980: melod\u00edas on\u00edricas de lugares rom\u00e1nticos, atm\u00f3sferas de un pasado al cual se siente pertenecer.<\/p>\n\n\n\n<figure class=\"wp-block-gallery has-nested-images columns-4 is-cropped wp-block-gallery-3 is-layout-flex wp-block-gallery-is-layout-flex\">\n\n\n\n\n\n\n\n\n\n\n\n\n\n<\/figure>\n\n\n\n<h5 class=\"wp-block-heading\"><strong>* Las ediciones anteriores se celebraron en una vivienda en la plaza de la&nbsp;Virreina, en el Pabell\u00f3n Mies, en el Disseny Hub y en&nbsp;<\/strong><strong>Casa SEAT.<\/strong><\/h5>\n\n\n\n<h3 class=\"wp-block-heading\">\u00a1Porque somos m\u00e1s que el festival que nos da nombre!<\/h3>\n\n\n\n<figure class=\"wp-block-gallery has-nested-images columns-default is-cropped wp-block-gallery-4 is-layout-flex wp-block-gallery-is-layout-flex\"><\/figure>\n","protected":false},"excerpt":{"rendered":"<p>Punto de encuentro<\/p>\n","protected":false},"author":26,"featured_media":42546,"comment_status":"closed","ping_status":"closed","sticky":false,"template":"","format":"standard","meta":{"_acf_changed":false,"footnotes":""},"categories":[212,1030],"tags":[1033],"class_list":["post-42565","post","type-post","status-publish","format-standard","has-post-thumbnail","hentry","category-espacios-ocultos","category-musica-x-arquitectura-es","tag-modelfest-es"],"acf":[],"_links":{"self":[{"href":"https:\/\/www.48hopenhousebarcelona.org\/es\/wp-json\/wp\/v2\/posts\/42565","targetHints":{"allow":["GET"]}}],"collection":[{"href":"https:\/\/www.48hopenhousebarcelona.org\/es\/wp-json\/wp\/v2\/posts"}],"about":[{"href":"https:\/\/www.48hopenhousebarcelona.org\/es\/wp-json\/wp\/v2\/types\/post"}],"author":[{"embeddable":true,"href":"https:\/\/www.48hopenhousebarcelona.org\/es\/wp-json\/wp\/v2\/users\/26"}],"replies":[{"embeddable":true,"href":"https:\/\/www.48hopenhousebarcelona.org\/es\/wp-json\/wp\/v2\/comments?post=42565"}],"version-history":[{"count":13,"href":"https:\/\/www.48hopenhousebarcelona.org\/es\/wp-json\/wp\/v2\/posts\/42565\/revisions"}],"predecessor-version":[{"id":42832,"href":"https:\/\/www.48hopenhousebarcelona.org\/es\/wp-json\/wp\/v2\/posts\/42565\/revisions\/42832"}],"wp:featuredmedia":[{"embeddable":true,"href":"https:\/\/www.48hopenhousebarcelona.org\/es\/wp-json\/wp\/v2\/media\/42546"}],"wp:attachment":[{"href":"https:\/\/www.48hopenhousebarcelona.org\/es\/wp-json\/wp\/v2\/media?parent=42565"}],"wp:term":[{"taxonomy":"category","embeddable":true,"href":"https:\/\/www.48hopenhousebarcelona.org\/es\/wp-json\/wp\/v2\/categories?post=42565"},{"taxonomy":"post_tag","embeddable":true,"href":"https:\/\/www.48hopenhousebarcelona.org\/es\/wp-json\/wp\/v2\/tags?post=42565"}],"curies":[{"name":"wp","href":"https:\/\/api.w.org\/{rel}","templated":true}]}}