{"id":60538,"date":"2026-03-13T08:57:54","date_gmt":"2026-03-13T08:57:54","guid":{"rendered":"https:\/\/www.48hopenhousebarcelona.org\/?p=60538"},"modified":"2026-03-13T17:42:54","modified_gmt":"2026-03-13T17:42:54","slug":"quince-dias-del-open-barri-de-invierno-en-nou-barris","status":"publish","type":"post","link":"https:\/\/www.48hopenhousebarcelona.org\/es\/quince-dias-del-open-barri-de-invierno-en-nou-barris\/","title":{"rendered":"QUINCE D\u00cdAS DEL OPEN BARRI DE INVIERNO EN NOU BARRIS"},"content":{"rendered":"<h3><b>Durante quince d\u00edas, la asociaci\u00f3n 48h Open House Barcelona abri\u00f3 puertas y conversaciones en diversos espacios de Nou Barris con la edici\u00f3n de invierno de <\/b><strong>Open Barri<\/strong><b>, una propuesta cultural y arquitect\u00f3nica en el marco de la Capital Mundial de la Arquitectura 2026.<\/b><\/h3>\n<p><span style=\"font-weight: 400;\">Esta fiesta comenz\u00f3 el <strong>16 de febrero<\/strong>\u00a0con la apertura de seis lugares desconocidos e inaccesibles con <a href=\"https:\/\/www.48hopenhousebarcelona.org\/es\/espais-ocults-open-barri-dhivern-a-nou-barris\/\" target=\"_blank\" rel=\"noopener\">Espais Ocults<\/a>\u00a0y se cerr\u00f3 con\u00a0<strong>el fin de semana del 28 de febrero y 1 de marzo<\/strong>\u00a0con las <a href=\"https:\/\/www.48hopenhousebarcelona.org\/es\/graella\/puertas-abiertas-invierno\/\" target=\"_blank\" rel=\"noopener\">puertas abiertas a 28 espacios<\/a> para descubrirlos desde dentro, a trav\u00e9s de explicaciones arquitect\u00f3nicas para disfrutar del barrio con una mirada distinta.<\/span><\/p>\n<p><b>7.372 personas<\/b><span style=\"font-weight: 400;\">\u00a0participaron en todas las actividades del Open Barri de invierno en Nou Barris, as\u00ed que se reafirma, con mucha fuerza, <\/span><b>el inter\u00e9s de los habitantes de la ciudad por la arquitectura y la cultura<\/b><span style=\"font-weight: 400;\">.\u00a0<\/span><span style=\"font-weight: 400;\">El formato Open Barri aporta una perspectiva nueva al tradicional festival 48h Open House BCN al extender su presencia durante todo el a\u00f1o, as\u00ed que adem\u00e1s de las ya habituales visitas guiadas, la combinaci\u00f3n de eventos interactivos y colaborativos ofreci\u00f3 una plataforma accessible para que los ciudadanos reflexionen sobre su entorno arquitect\u00f3nico. <\/span><b>Esta <\/b><b>propuesta implica un fuerte enfoque de proximidad al trabajar directamente con los barrios y las comunidades locales<\/b><span style=\"font-weight: 400;\">.<\/span><\/p>\n<p><span style=\"font-weight: 400;\">El primer Open Barri permiti\u00f3 conocer diferentes momentos de la historia de Nou Barris, en un formato que invit\u00f3 a dejarse llevar y disfrutar de diferentes acciones: <\/span><b>se ofrecieron 31 actividades diferentes, a adem\u00e1s de los 28 espacios abiertos durante el fin de semana<\/b><span style=\"font-weight: 400;\">, que se reunieron en tres ejes: entra, piensa y escucha.<\/span><\/p>\n<h2><span style=\"color: #0000ff;\"><b>ENTRA<\/b><\/span><\/h2>\n<p><b>ESPAIS OCULTS \/ EO<\/b><span style=\"font-weight: 400;\">:<\/span> <span style=\"font-weight: 400;\">se hicieron\u00a0<\/span><b>26 pases a seis Espais Ocults diferentes<\/b><span style=\"font-weight: 400;\">, durante las dos semanas de funcionamiento del Open Barri en Nou Barris. Particip\u00f3 un total de <strong>317 personas<\/strong>, que pudieron deleitarse con las explicaciones de expertos en visitas de peque\u00f1o formato, que demandan una mirada atenta para apreciar detalles que a menudo pasan desapercibidos.<\/span><\/p>\n<p><b>PUERTAS ABIERTAS<\/b><span style=\"font-weight: 400;\">:<\/span> <span style=\"font-weight: 400;\">las puertas abiertas del fin de semana del 28 de febrero y 1 de marzo ofrecieron una programaci\u00f3n variada para descubrir los espacios desde dentro. Se realizaron <\/span><b>5.921 visitas en 28 espacios abiertos<\/b><span style=\"font-weight: 400;\">\u00a0y se consolida una cita con la arquitectura y la cultura para todas aquellas personas que quieren entender y vivir la ciudad desde una perspectiva m\u00e1s consciente y participativa.<\/span><\/p>\n<p><img loading=\"lazy\" decoding=\"async\" class=\"alignnone wp-image-60528\" src=\"https:\/\/www.48hopenhousebarcelona.org\/wp-content\/uploads\/2026\/03\/entra_OB-NB_1.png\" alt=\"\" width=\"902\" height=\"435\" srcset=\"https:\/\/www.48hopenhousebarcelona.org\/wp-content\/uploads\/2026\/03\/entra_OB-NB_1.png 900w, https:\/\/www.48hopenhousebarcelona.org\/wp-content\/uploads\/2026\/03\/entra_OB-NB_1-300x145.png 300w, https:\/\/www.48hopenhousebarcelona.org\/wp-content\/uploads\/2026\/03\/entra_OB-NB_1-768x370.png 768w, https:\/\/www.48hopenhousebarcelona.org\/wp-content\/uploads\/2026\/03\/entra_OB-NB_1-400x193.png 400w\" sizes=\"auto, (max-width: 902px) 100vw, 902px\" \/><\/p>\n<p>Con <b><a href=\"https:\/\/www.48hopenhousebarcelona.org\/es\/openbarri-petits-hivern\/\" target=\"_blank\" rel=\"noopener\">Open Petits<\/a><\/b><span style=\"font-weight: 400;\">, los menores 12 a\u00f1os encontraron un cuadernillo con actividades de observaci\u00f3n, dibujo y preguntas para aprender sobre arquitectura, sobre el barrio y sobre la historia de la ciudad<\/span><span style=\"font-weight: 400;\">. Esta actividad estaba en tres edificios de los barrios: la antigua mas\u00eda de <\/span><b>Can Valen<\/b><span style=\"font-weight: 400;\"><strong>t<\/strong>, el <\/span><b>Castell de Torre Bar\u00f3<\/b><span style=\"font-weight: 400;\">\u00a0y\u00a0<\/span><b>Can Peguera<\/b><span style=\"font-weight: 400;\">. Adem\u00e1s, c<\/span><span style=\"font-weight: 400;\">ada Open Barri celebra la identidad gastron\u00f3mica de la zona con\u00a0<\/span><a href=\"https:\/\/www.48hopenhousebarcelona.org\/es\/open-cuina-nou\/\" target=\"_blank\" rel=\"noopener\"><b>Open Cuina<\/b><\/a><span style=\"font-weight: 400;\">, una tapa que funciona como retrato cultural, que acerca la arquitectura a trav\u00e9s del paladar y que ense\u00f1a c\u00f3mo cada barrio expresa su identidad tambi\u00e9n desde la cocina. Durante el fin de semana de puertas abiertas, el\u00a0<\/span><b>Bar Bodega Molina<\/b><span style=\"font-weight: 400;\">\u00a0y el <\/span><b>Bar Iba\u00f1ez<\/b><span style=\"font-weight: 400;\">\u00a0ofrecieron las <\/span><b>migas del pastor<\/b><span style=\"font-weight: 400;\">, la receta creada para Nou Barris, un plato sencillo que refleja la fuerza de una comunidad que se apoya, se mezcla y se reinventa. Igualmente, d<\/span><span style=\"font-weight: 400;\">urante el fin de semana, una bicicleta de <a href=\"https:\/\/www.instagram.com\/bicismaria\/?hl=en\" target=\"_blank\" rel=\"noopener\">Bicis Maria<\/a> viaj\u00f3 por todos los barrios con el <\/span><a href=\"https:\/\/www.48hopenhousebarcelona.org\/es\/buzon-de-pensamiento\/\" target=\"_blank\" rel=\"noopener\"><b>buz\u00f3n de pensamiento<\/b><\/a><span style=\"font-weight: 400;\">. La idea era compartir ideas, opiniones y sue\u00f1os sobre la zona, el barrio, la cultura arquitect\u00f3nica, la arquitectura y la sostenibilidad, y las propias actividades del Open Barri. El buz\u00f3n recorri\u00f3 los barrios desde la Trinitat Nova hasta fins Porta y el Tur\u00f3 de la Peira.<\/span><\/p>\n<p>&nbsp;<\/p>\n<h2><span style=\"color: #0000ff;\"><b>PENSA<\/b><\/span><\/h2>\n<p><b>BARRIBARCELONA<\/b><span style=\"font-weight: 400;\">: esta muestra, organizada en la sede de la Capitalitat, apoya al proyecto Open Barri de invierno, de primavera y de verano, para poner el foco en aspectos emocionales y sociales. La exposici\u00f3n desplaza el foco de la arquitectura como objeto a la arquitectura como experiencia vivida, con la vivienda como derecho, la comunidad como infraestructura y la memoria dom\u00e9stica como herramienta cr\u00edtica.\u00a0El 17 de febrero se inaugur\u00f3 la exposici\u00f3n con una visita guiada a cargo de la comisaria y, hasta el 1 de marzo, d\u00eda de cierre de la exposici\u00f3n, la visitaron\u00a0<\/span><span style=\"font-weight: 400;\"><strong>1.000 personas<\/strong>, vecinas del Eixample o interesadas en la capitalidad mundial.<\/span><\/p>\n<p><b>CEL OBERT<\/b><span style=\"font-weight: 400;\">: durante las semanas que dur\u00f3 el Open Barri de invierno, se pudo descubrir el proyecto <\/span><i><span style=\"font-weight: 400;\">pop-up<\/span><\/i><span style=\"font-weight: 400;\"> de museizaci\u00f3n de arquitectura con la disposici\u00f3n de un vinilo azul de 20&#215;20 cms. con un QR en cada edificio que particip\u00f3 en la programaci\u00f3n de puertas abiertas. Este c\u00f3digo identifica cada espacio, enlaza con la descripci\u00f3n y con informaci\u00f3n espec\u00edfica.<\/span><\/p>\n<p><b>GEOCACHING OPEN BARRI<\/b><span style=\"font-weight: 400;\">: la geob\u00fasqueda es un juego de descubrimiento al aire libre a trav\u00e9s del m\u00f3vil el GPS para localizar peque\u00f1os escondrijos. Se escondieron tres geocontenidores por Nou Barris para explorar el entorno: conectar espacios, historias y trazas del pasado con la vida cotidiana de hoy. Al encontrar uno, se firma el cuaderno que hay al interior y se debe dejar de nuevo en el mismo lugar para continuar con la experiencia. En esta propuesta se puede participar antes, durante o despu\u00e9s del Open Barri.\u00a0<\/span><\/p>\n<p><b>TALLER DE MEMORIA FOTOGR\u00c1FICA<\/b><span style=\"font-weight: 400;\">: este taller, realizado en colaboraci\u00f3n con el Arxiu Hist\u00f2ric de Roquetes &#8211; Nou Barris, impuls\u00f3 una b\u00fasqueda colectiva de fotograf\u00edas para reconstruir historias poco visibles y reivindicar el pasado reciente del barrio. Se llev\u00f3 a cabo el\u00a0<\/span>18 de febrero, estuvo dirigido por la arquitecta e historiadora del arte Marta Piera, y se cont\u00f3 con la colaboraci\u00f3n de Nirvana Amaya, historiadora del arte, archivera y vecina de Nou Barris. Asistieron <strong>20 personas<\/strong>.<\/p>\n<p><b>EL PATRIMONI PERDIDO DE NOU BARRIS<\/b><span style=\"font-weight: 400;\">: fue una conversaci\u00f3n para abordar la arquitectura, el urbanismo y el patrimonio perdido o borrado, y conectar con los procesos de transformaci\u00f3n urbana de los barrios. La sesi\u00f3n se llev\u00f3 a cabo el d\u00eda 26 de febrero en la Escola Superior de Conservaci\u00f3 i Restauraci\u00f3 de B\u00e9ns Culturals de Catalunya. Se cont\u00f3 con la asistencia de\u00a0<strong>55 persones<\/strong> del barrio y con la aportaci\u00f3n de Montse Argente del Arxiu Hist\u00f2ric de Roquetes, J\u00falia Brull Palou de Oasiurb\u00e0, y Angie y Camila de Descoloniza BCN Tour. Nirvana Amaya fue la dinamizadora del debate abierto del final.<\/span><\/p>\n<p><img loading=\"lazy\" decoding=\"async\" class=\"alignnone size-full wp-image-60531\" src=\"https:\/\/www.48hopenhousebarcelona.org\/wp-content\/uploads\/2026\/03\/pensa_OB-NB.png\" alt=\"\" width=\"860\" height=\"294\" srcset=\"https:\/\/www.48hopenhousebarcelona.org\/wp-content\/uploads\/2026\/03\/pensa_OB-NB.png 860w, https:\/\/www.48hopenhousebarcelona.org\/wp-content\/uploads\/2026\/03\/pensa_OB-NB-300x103.png 300w, https:\/\/www.48hopenhousebarcelona.org\/wp-content\/uploads\/2026\/03\/pensa_OB-NB-768x263.png 768w, https:\/\/www.48hopenhousebarcelona.org\/wp-content\/uploads\/2026\/03\/pensa_OB-NB-400x137.png 400w\" sizes=\"auto, (max-width: 860px) 100vw, 860px\" \/><\/p>\n<h2><span style=\"color: #3366ff;\"><b>ESCUCHA<\/b><\/span><\/h2>\n<p><b>M\u00daSICA x ARQUITECTURA \/ MxA<\/b><span style=\"font-weight: 400;\">: el <strong>21 de febrero<\/strong>\u00a0lleg\u00f3 a Nou Barris MxA con un formato de tres propuestas, una en Vallbona, en la que participaron 15 persones, y las dos \u00faltimas en la Casa de l\u2019Aigua de Trinitat Nova, y se cont\u00f3 con la asistencia de <strong>59 persones<\/strong>.<\/span><\/p>\n<ol>\n<li style=\"font-weight: 400;\" aria-level=\"1\"><span style=\"font-weight: 400;\">El <strong>TALLER DE PAISAJE SONORO<\/strong> del Colectivo CAMARAC fue un paseo por el \u00faltimo gran huerto de Barcelona en el barrio Vallbona. En esta ruta sonora se reflexion\u00f3 sobre el paisaje sonoro de este lugar tan diverso, la contaminaci\u00f3n ac\u00fastica y se aprovech\u00f3 para hacer un repaso de la evoluci\u00f3n hist\u00f3rica del barrio.<\/span><\/li>\n<li style=\"font-weight: 400;\" aria-level=\"1\"><span style=\"font-weight: 400;\"><strong>MxA-V\u00cdDEO<\/strong>\u00a0recogi\u00f3 cinco v\u00eddeos presendos en el concurso internacional de v\u00eddeo experimental de los a\u00f1os 2023 al 2025 y que se centran en hablar y explicar la periferia, el vivir en los m\u00e1rgenes, la ocupaci\u00f3n de espacios liminales, la intensa transformaci\u00f3n urbana y las luchas vecinales. Esta parte se titul\u00f3 <\/span><i><span style=\"font-weight: 400;\">Cinc films perif\u00e8rics<\/span><\/i><span style=\"font-weight: 400;\">\u00a0y se presentaron:\u00a0<\/span><span style=\"font-weight: 400;\">Ciudad futuro, de Nicol\u00e1s F. Montes (Espa\u00f1a, 2024);\u00a0<\/span><span style=\"font-weight: 400;\">Insular, de Adri\u00e1n Le\u00f3n Arocha (Espa\u00f1a, 2022);\u00a0<\/span><span style=\"font-weight: 400;\">Move, de Vanessa Cardui (Alemania, 2022);\u00a0<\/span><span style=\"font-weight: 400;\">Subdivided Lives: Portraits from the Kathmandu Valley, de Joshua Bolchover y Kent Mundle (Hong Kong, 2024);\u00a0<\/span><span style=\"font-weight: 400;\">Una part\u00edcula en suspensi\u00f3n m\u00e1s all\u00e1 del universo, de Juan Lesta (Espa\u00f1a, 2020).<\/span><\/li>\n<li aria-level=\"1\"><span style=\"font-weight: 400;\">Despu\u00e9s del recorrido inicial, el evento se cerr\u00f3 con una continuaci\u00f3n de la tem\u00e1tica del agua: <strong>MxA-CONCERT<\/strong>\u00a0consisti\u00f3 en la intervenci\u00f3n sonora y visual de Mark Allen Soul y Continental Breakfast, que rellen\u00f3 los antiguos caminos de agua del edificio de la Casa de l\u2019Aigua.\u00a0<\/span><\/li>\n<\/ol>\n<p><b>TRES PUNTS DE FUGA<\/b><span style=\"font-weight: 400;\">: desde la asociaci\u00f3n se cre\u00f3 este espacio divulgativo para hablar de la ciudad y de la arquitectura pero no como se ha explicado siempre. El <strong>27 de febrero en el Ateneu La B\u00f2bila<\/strong>\u00a0se grab\u00f3 este programa de radio que busca historias \u00fanicas de personas que viven, trabajan, sufren y disfrutan de la ciudad. <\/span><b>Pedro Garc\u00eda<\/b><span style=\"font-weight: 400;\"> (arquitecta, profesor y doctor en arquitectura) moder\u00f3 y entrevist\u00f3 a dos personas significativas del barrio: <\/span><b>Dani Ruiz<\/b><span style=\"font-weight: 400;\">, artista y activista, creador del proyecto L\u2019altra ciutat desde donde documenta la vida cotidiana y las realidad de los barrios de Barcelona que a menudo quedan fuera del relato oficial; y\u00a0<\/span><b>Ramon Casanovas<\/b><span style=\"font-weight: 400;\">, arquitecto y jefe del Departament d\u2019Obres i Manteniment del Distrito de Nou Barris. Se cont\u00f3 con la participaci\u00f3n de Elisenda Bonet, arquitecta y presidenta de la asociaci\u00f3n cultural 48h Open House Barcelona, para dar una mirada al proyecto Open Barri desde este programa.<\/span><\/p>\n<p><span style=\"font-weight: 400;\">El programa de radio ahora forma parte de RADIOMEDIA ARQUITECTURA, un recopilatorio atemporal de medios (audios, v\u00eddeos, textos\u2026) creado por arquitectos, autores, entidades y asociaciones expertas que transmiten su conocimiento con emoci\u00f3n y compromiso hacia la ciudad y su arquitectura.<\/span><\/p>\n<p><img loading=\"lazy\" decoding=\"async\" class=\"alignnone size-full wp-image-60534\" src=\"https:\/\/www.48hopenhousebarcelona.org\/wp-content\/uploads\/2026\/03\/escolta_OB-NB.png\" alt=\"\" width=\"553\" height=\"439\" srcset=\"https:\/\/www.48hopenhousebarcelona.org\/wp-content\/uploads\/2026\/03\/escolta_OB-NB.png 553w, https:\/\/www.48hopenhousebarcelona.org\/wp-content\/uploads\/2026\/03\/escolta_OB-NB-300x238.png 300w, https:\/\/www.48hopenhousebarcelona.org\/wp-content\/uploads\/2026\/03\/escolta_OB-NB-400x318.png 400w\" sizes=\"auto, (max-width: 553px) 100vw, 553px\" \/><\/p>\n<h2>Nos vemos del 13 al 26 de abril en el Open Barri de primavera en La Marina. \u00a1Pronto habr\u00e1 m\u00e1s!<\/h2>\n<p><img loading=\"lazy\" decoding=\"async\" class=\"alignnone wp-image-59847 size-full\" src=\"https:\/\/www.48hopenhousebarcelona.org\/wp-content\/uploads\/2025\/12\/Patrocinadors_OpenBarri_hivern.jpg\" alt=\"\" width=\"800\" height=\"530\" srcset=\"https:\/\/www.48hopenhousebarcelona.org\/wp-content\/uploads\/2025\/12\/Patrocinadors_OpenBarri_hivern.jpg 800w, https:\/\/www.48hopenhousebarcelona.org\/wp-content\/uploads\/2025\/12\/Patrocinadors_OpenBarri_hivern-300x199.jpg 300w, https:\/\/www.48hopenhousebarcelona.org\/wp-content\/uploads\/2025\/12\/Patrocinadors_OpenBarri_hivern-768x509.jpg 768w, https:\/\/www.48hopenhousebarcelona.org\/wp-content\/uploads\/2025\/12\/Patrocinadors_OpenBarri_hivern-400x265.jpg 400w\" sizes=\"auto, (max-width: 800px) 100vw, 800px\" \/><\/p>\n<p>&nbsp;<\/p>\n<p>&nbsp;<\/p>\n<p>&nbsp;<\/p>\n","protected":false},"excerpt":{"rendered":"<p>Durante quince d\u00edas, la asociaci\u00f3n 48h Open House Barcelona abri\u00f3 puertas y conversaciones en diversos espacios de Nou Barris con la edici\u00f3n de invierno de Open Barri<\/p>\n","protected":false},"author":26,"featured_media":59685,"comment_status":"closed","ping_status":"closed","sticky":false,"template":"nou-format-post.php","format":"standard","meta":{"_acf_changed":false,"footnotes":""},"categories":[1127],"tags":[],"class_list":["post-60538","post","type-post","status-publish","format-standard","has-post-thumbnail","hentry","category-open-barri"],"acf":[],"_links":{"self":[{"href":"https:\/\/www.48hopenhousebarcelona.org\/es\/wp-json\/wp\/v2\/posts\/60538","targetHints":{"allow":["GET"]}}],"collection":[{"href":"https:\/\/www.48hopenhousebarcelona.org\/es\/wp-json\/wp\/v2\/posts"}],"about":[{"href":"https:\/\/www.48hopenhousebarcelona.org\/es\/wp-json\/wp\/v2\/types\/post"}],"author":[{"embeddable":true,"href":"https:\/\/www.48hopenhousebarcelona.org\/es\/wp-json\/wp\/v2\/users\/26"}],"replies":[{"embeddable":true,"href":"https:\/\/www.48hopenhousebarcelona.org\/es\/wp-json\/wp\/v2\/comments?post=60538"}],"version-history":[{"count":7,"href":"https:\/\/www.48hopenhousebarcelona.org\/es\/wp-json\/wp\/v2\/posts\/60538\/revisions"}],"predecessor-version":[{"id":60569,"href":"https:\/\/www.48hopenhousebarcelona.org\/es\/wp-json\/wp\/v2\/posts\/60538\/revisions\/60569"}],"wp:featuredmedia":[{"embeddable":true,"href":"https:\/\/www.48hopenhousebarcelona.org\/es\/wp-json\/wp\/v2\/media\/59685"}],"wp:attachment":[{"href":"https:\/\/www.48hopenhousebarcelona.org\/es\/wp-json\/wp\/v2\/media?parent=60538"}],"wp:term":[{"taxonomy":"category","embeddable":true,"href":"https:\/\/www.48hopenhousebarcelona.org\/es\/wp-json\/wp\/v2\/categories?post=60538"},{"taxonomy":"post_tag","embeddable":true,"href":"https:\/\/www.48hopenhousebarcelona.org\/es\/wp-json\/wp\/v2\/tags?post=60538"}],"curies":[{"name":"wp","href":"https:\/\/api.w.org\/{rel}","templated":true}]}}